{"id":4414468,"date":"2025-07-01T16:56:19","date_gmt":"2025-07-01T14:56:19","guid":{"rendered":"https:\/\/teszt.urbanmuveszet.hu\/?p=4414468"},"modified":"2025-11-09T18:07:19","modified_gmt":"2025-11-09T17:07:19","slug":"onkentes-vizadas-locsolj-te-is-budapesti-fakat","status":"publish","type":"post","link":"https:\/\/urbanmuveszet.hu\/en\/onkentes-vizadas-locsolj-te-is-budapesti-fakat\/","title":{"rendered":"Volunteer Water Donation - water the trees of Budapest!"},"content":{"rendered":"<p>[et_pb_section fb_built=&#8221;1&#8243; _builder_version=&#8221;4.19.4&#8243; _module_preset=&#8221;default&#8221; background_color=&#8221;#141719&#8243; custom_margin=&#8221;||||false|false&#8221; custom_margin_tablet=&#8221;||||false|false&#8221; custom_margin_phone=&#8221;20px||||false|false&#8221; custom_margin_last_edited=&#8221;off|desktop&#8221; da_disable_devices=&#8221;off|off|off&#8221; global_colors_info=&#8221;{}&#8221; da_is_popup=&#8221;off&#8221; da_exit_intent=&#8221;off&#8221; da_has_close=&#8221;on&#8221; da_alt_close=&#8221;off&#8221; da_dark_close=&#8221;off&#8221; da_not_modal=&#8221;on&#8221; da_is_singular=&#8221;off&#8221; da_with_loader=&#8221;off&#8221; da_has_shadow=&#8221;on&#8221;][et_pb_row _builder_version=&#8221;4.17.1&#8243; _module_preset=&#8221;default&#8221; global_colors_info=&#8221;{}&#8221;][et_pb_column type=&#8221;4_4&#8243; _builder_version=&#8221;4.16&#8243; _module_preset=&#8221;default&#8221; global_colors_info=&#8221;{}&#8221;][et_pb_text _builder_version=&#8221;4.27.4&#8243; _module_preset=&#8221;default&#8221; global_colors_info=&#8221;{}&#8221;]<\/p>\n<h3 class=\"p1\">\u00d6nk\u00e9ntes V\u00edzad\u00f3 programot hirdet Budapesten a 10 milli\u00f3 Fa, Budapest \u00f6nkorm\u00e1nyzata, a F\u0151kert \u00e9s a beeco \u201e\u00f6kosapplik\u00e1ci\u00f3\u201d. Szervezett csoportos locsol\u00e1sokhoz m\u00e1r most v\u00e1rj\u00e1k c\u00e9gek \u00e9s mag\u00e1nszem\u00e9lyek csatlakoz\u00e1s\u00e1t, m\u00edg az egy\u00e9ni \u00e9s kiscsoportos locsol\u00f3k j\u00fanius 1-j\u00e9t\u0151l csatlakozhatnak a programhoz a beeco t\u00e9rk\u00e9pes applik\u00e1ci\u00f3j\u00e1n, ahol megtal\u00e1lj\u00e1k, hol lehet vizet v\u00e9telezni, \u00e9s merre vannak a locsoland\u00f3 f\u00e1k.<\/h3>\n<p>[\/et_pb_text][et_pb_text _builder_version=&#8221;4.27.4&#8243; _module_preset=&#8221;default&#8221; global_colors_info=&#8221;{}&#8221;]<\/p>\n<p class=\"p1\">Kamp\u00e1nyt ind\u00edtunk az 5 \u00e9vn\u00e9l fiatalabb f\u0151v\u00e1rosi f\u00e1k \u00f6nt\u00f6z\u00e9s\u00e9re, megment\u00e9s\u00e9re \u2013 olvashat\u00f3 a <strong><a href=\"https:\/\/10milliofa.hu\/\" target=\"_blank\" rel=\"noopener\"><span class=\"s1\">10 milli\u00f3 Fa<\/span><\/a><\/strong> honlapj\u00e1n. Mint \u00edrj\u00e1k: A grund udvar\u00e1n, a Madarak \u00e9s f\u00e1k napj\u00e1n el\u00fcltetett oszlopos juhar alkalmat teremtett arra, hogy Bard\u00f3czi S\u00e1ndor, a F\u0151v\u00e1ros F\u0151t\u00e1j\u00e9p\u00edt\u00e9sze, Dezs\u00e9nyi P\u00e9ter, a F\u0151kert vez\u00e9rigazgat\u00f3ja, a beeco munkat\u00e1rsai, valamint Boj\u00e1r Iv\u00e1n Andr\u00e1s, a 10 milli\u00f3 Fa vezet\u0151je megtartsa a legels\u0151 \u00d6nk\u00e9ntes V\u00edzad\u00f3 toborz\u00e1st. J\u00fanius 1-j\u00e9t\u0151l az \u00d6nk\u00e9ntes V\u00edzad\u00f3k a beeco t\u00e9rk\u00e9pes applik\u00e1ci\u00f3 seg\u00edts\u00e9g\u00e9vel seg\u00edthetnek szomjas f\u00e1knak, c\u00e9gek \u00e9s k\u00f6z\u00f6ss\u00e9gek pedig a \u201e<strong><a href=\"https:\/\/actionnetwork.org\/forms\/onkentes-vizadas\" target=\"_blank\" rel=\"noopener\"><span class=\"s1\">Locsolakom\u00e1kon<\/span><\/a><\/strong>\u201d vehetnek r\u00e9szt. \u201eA ny\u00e1r vas\u00e1rnap est\u00e9in ugyanis vid\u00e1m, besz\u00e9lget\u0151s, batyus vil\u00e1gmegment\u0151s k\u00f6z\u00f6ss\u00e9gi locsol\u00f3bulikat rendez\u00fcnk k\u00f6z\u00f6sen a v\u00e1rosban, amelyeken nemcsak az emberek, de a f\u00e1k is j\u00f3llaknak\u201d \u2013 \u00edrj\u00e1k.<\/p>\n<p>[\/et_pb_text][et_pb_image src=&#8221;https:\/\/urbanmuveszet.hu\/wp-content\/uploads\/2025\/06\/locsolakoma.jpg&#8221; alt=&#8221;10 milli\u00f3 Fa&#8221; align=&#8221;center&#8221; _builder_version=&#8221;4.27.4&#8243; _module_preset=&#8221;default&#8221; width_tablet=&#8221;80%&#8221; width_phone=&#8221;100%&#8221; width_last_edited=&#8221;off|desktop&#8221; border_radii=&#8221;on|10px|10px|10px|10px&#8221; border_radii_phone=&#8221;on|10px|10px|10px|10px&#8221; border_radii_last_edited=&#8221;off|phone&#8221; global_colors_info=&#8221;{}&#8221;][\/et_pb_image][et_pb_text _builder_version=&#8221;4.27.4&#8243; _module_preset=&#8221;default&#8221; global_colors_info=&#8221;{}&#8221;]<\/p>\n<h3 class=\"p1\">Sz\u00fcks\u00e9g\u00fcnk van a f\u00e1kra, de a f\u00e1knak is mir\u00e1nk!<\/h3>\n<p class=\"p1\">\u201eA 2022-es puszt\u00edt\u00f3 asz\u00e1ly ut\u00e1n a 2024 perzsel\u0151 ny\u00e1r is mindenki sz\u00e1m\u00e1ra nyilv\u00e1nval\u00f3v\u00e1 tette: a F\u00f6ld kl\u00edm\u00e1ja dr\u00e1maian v\u00e1ltozik. Pr\u00f3b\u00e1ljuk h\u0171s otthonokban \u00e1tv\u00e9szelni, ha pedig kint j\u00e1runk a f\u00e1k v\u00e9d\u0151 \u00e1rny\u00e9k\u00e1ban \u00e1tkelni. De ki v\u00e9di meg ny\u00e1ron a f\u00e1kat, akik egyre kev\u00e9sb\u00e9 b\u00edrj\u00e1k a h\u0151s\u00e9g nyom\u00e1s\u00e1t? V\u00e9dj\u00fck meg \u0151ket k\u00f6z\u00f6sen, hogy tov\u00e1bbra is v\u00e9delmezhessenek benn\u00fcnket!\u201d \u2013 olvashat\u00f3 a 10 milli\u00f3 Fa <strong><a href=\"https:\/\/actionnetwork.org\/forms\/onkentes-vizadas\" target=\"_blank\" rel=\"noopener\"><span class=\"s1\">\u00d6nk\u00e9ntes V\u00edzad\u00f3<\/span><\/a><\/strong> felh\u00edv\u00e1s\u00e1ban, melyhez m\u00e1r most lehet csatlakozni.<span class=\"Apple-converted-space\">\u00a0<\/span><\/p>\n<p class=\"p1\">\u201eA 10 milli\u00f3 Fa nemcsak fa\u00fcltet\u0151, de fa \u00e9ltet\u0151 k\u00f6z\u00f6ss\u00e9g is. Nyaranta ezern\u00e9l t\u00f6bb fa rendszeres locsol\u00e1s\u00e1val tesz\u00fcnk az\u00e9rt, hogy eg\u00e9szs\u00e9gesek maradjanak a n\u00f6v\u00e9nyek Budapesten. Ez pedig egyre nagyobb kih\u00edv\u00e1st jelent. A tavalyi puszt\u00edt\u00f3 asz\u00e1lyos ny\u00e1ron t\u00f6bb alkalommal szervezt\u00fcnk k\u00f6z\u00f6ss\u00e9gi locsol\u00e1sokat fiatal f\u00e1ink megseg\u00edt\u00e9s\u00e9re. A probl\u00e9ma azonban t\u00falmutat rajtunk: nemcsak mi, de a v\u00e1ros b\u0151 m\u00e1sf\u00e9lmilli\u00f3s lakoss\u00e1ga egy\u00fctt k\u00e9nytelen, s a j\u00f6v\u0151ben mindink\u00e1bb egy\u00fctt lesz k\u00e9nytelen t\u00fal\u00e9lni az \u00e9vr\u0151l \u00e9vre hosszabb \u00e9s perzsel\u0151bb nyarakat.<\/p>\n<p class=\"p1\">Ezt kell felismerni\u00fck a v\u00e1roslak\u00f3knak is! Hossz\u00fa t\u00e1von a v\u00e1rosi \u00e9let elviselhetetlen, vagy a main\u00e1l is nagys\u00e1grendekkel nagyobb energia \u00e9s k\u00f6lts\u00e9gig\u00e9ny\u0171 lesz, ha nem n\u00f6v\u00e9nyek, f\u00e1k telep\u00edt\u00e9s\u00e9vel, \u00e9letben tart\u00e1s\u00e1val h\u0171tj\u00fck utc\u00e1inkat, h\u00e1zaink udvarait, falait.\u201d<\/p>\n<p>[\/et_pb_text][et_pb_text _builder_version=&#8221;4.27.4&#8243; _module_preset=&#8221;default&#8221; global_colors_info=&#8221;{}&#8221;]<\/p>\n<h3 class=\"p1\">B\u00e1rki lehet \u00d6nk\u00e9ntes V\u00edzad\u00f3!<\/h3>\n<p class=\"p1\">Tov\u00e1bbi inf\u00f3khoz ezen az<strong><a href=\"https:\/\/actionnetwork.org\/forms\/onkentes-vizadas\" target=\"_blank\" rel=\"noopener\"> <span class=\"s1\">\u0171rlapon<\/span><\/a><\/strong> kereszt\u00fcl lehet hozz\u00e1jutni. Felel\u0151s c\u00e9gek r\u00e9sz\u00e9re a ny\u00e1r sor\u00e1n ak\u00e1r h\u00e9tk\u00f6znapokon is tudunk csapat\u00e9p\u00edt\u0151 Locsolakom\u00e1kat biztos\u00edtani.<\/p>\n<p class=\"p1\">R\u00e9szletekr\u0151l a <strong>10milliofa@10milliofa.hu<\/strong> c\u00edmen lehet \u00e9rdekl\u0151dni.<\/p>\n<p>[\/et_pb_text][\/et_pb_column][\/et_pb_row][\/et_pb_section]<\/p>\n","protected":false},"excerpt":{"rendered":"<p>The 10 Million Tree, the Municipality of Budapest, the Main Garden and the beeco \"eco-application\" are launching a voluntary Water Tax programme in Budapest. Companies and individuals are already invited to join organised group watering, while individual and small group waterers can join the programme from 1 June on the beeco map app, where they can find where to buy water and where the trees to be watered are.<\/p>","protected":false},"author":5,"featured_media":4414466,"comment_status":"closed","ping_status":"open","sticky":false,"template":"","format":"standard","meta":{"_acf_changed":false,"_et_pb_use_builder":"on","_et_pb_old_content":"","_et_gb_content_width":"","iawp_total_views":85,"footnotes":""},"categories":[440],"tags":[35],"class_list":["post-4414468","post","type-post","status-publish","format-standard","has-post-thumbnail","hentry","category-ajanlo","tag-budapest"],"acf":[],"yoast_head":"<!-- This site is optimized with the Yoast SEO plugin v28.3 - https:\/\/yoast.com\/product\/yoast-seo-wordpress\/ -->\n<title>\u00d6nk\u00e9ntes V\u00edzad\u00e1s \u2013 locsolj te is budapesti f\u00e1kat! &#8226; Urban M\u0171v\u00e9szet<\/title>\n<meta name=\"description\" content=\"\u00d6nk\u00e9ntes V\u00edzad\u00f3 programot hirdet Budapesten a 10 milli\u00f3 Fa, Budapest \u00f6nkorm\u00e1nyzata, a F\u0151kert \u00e9s a beeco \u201e\u00f6kosapplik\u00e1ci\u00f3\u201d.\" \/>\n<meta name=\"robots\" content=\"index, follow, max-snippet:-1, max-image-preview:large, max-video-preview:-1\" \/>\n<link rel=\"canonical\" href=\"https:\/\/urbanmuveszet.hu\/en\/onkentes-vizadas-locsolj-te-is-budapesti-fakat\/\" \/>\n<meta property=\"og:locale\" content=\"en_GB\" \/>\n<meta property=\"og:type\" content=\"article\" \/>\n<meta property=\"og:title\" content=\"\u00d6nk\u00e9ntes V\u00edzad\u00e1s \u2013 locsolj te is budapesti f\u00e1kat! &#8226; Urban M\u0171v\u00e9szet\" \/>\n<meta property=\"og:description\" content=\"\u00d6nk\u00e9ntes V\u00edzad\u00f3 programot hirdet Budapesten a 10 milli\u00f3 Fa, Budapest \u00f6nkorm\u00e1nyzata, a F\u0151kert \u00e9s a beeco \u201e\u00f6kosapplik\u00e1ci\u00f3\u201d.\" \/>\n<meta property=\"og:url\" content=\"https:\/\/urbanmuveszet.hu\/en\/onkentes-vizadas-locsolj-te-is-budapesti-fakat\/\" \/>\n<meta property=\"og:site_name\" content=\"Urban M\u0171v\u00e9szet\" \/>\n<meta property=\"article:publisher\" content=\"https:\/\/www.facebook.com\/urbanmuveszet\" \/>\n<meta property=\"article:published_time\" content=\"2025-07-01T14:56:19+00:00\" \/>\n<meta property=\"article:modified_time\" content=\"2025-11-09T17:07:19+00:00\" \/>\n<meta property=\"og:image\" content=\"https:\/\/urbanmuveszet.hu\/wp-content\/uploads\/2025\/06\/locsolas-10-millio-fa.jpg\" \/>\n\t<meta property=\"og:image:width\" content=\"1600\" \/>\n\t<meta property=\"og:image:height\" content=\"900\" \/>\n\t<meta property=\"og:image:type\" content=\"image\/jpeg\" \/>\n<meta name=\"author\" content=\"Gyuris Csabi\" \/>\n<meta name=\"twitter:card\" content=\"summary_large_image\" \/>\n<meta name=\"twitter:creator\" content=\"@urbanmuveszet\" \/>\n<meta name=\"twitter:site\" content=\"@urbanmuveszet\" \/>\n<meta name=\"twitter:label1\" content=\"Written by\" \/>\n\t<meta name=\"twitter:data1\" content=\"Gyuris Csabi\" \/>\n\t<meta name=\"twitter:label2\" content=\"Estimated reading time\" \/>\n\t<meta name=\"twitter:data2\" content=\"3 minutes\" \/>\n<script type=\"application\/ld+json\" class=\"yoast-schema-graph\">{\"@context\":\"https:\\\/\\\/schema.org\",\"@graph\":[{\"@type\":\"Article\",\"@id\":\"https:\\\/\\\/urbanmuveszet.hu\\\/onkentes-vizadas-locsolj-te-is-budapesti-fakat\\\/#article\",\"isPartOf\":{\"@id\":\"https:\\\/\\\/urbanmuveszet.hu\\\/onkentes-vizadas-locsolj-te-is-budapesti-fakat\\\/\"},\"author\":{\"name\":\"Gyuris Csabi\",\"@id\":\"https:\\\/\\\/urbanmuveszet.hu\\\/#\\\/schema\\\/person\\\/353833f1611c99659dfe053950e14f1a\"},\"headline\":\"\u00d6nk\u00e9ntes V\u00edzad\u00e1s \u2013 locsolj te is budapesti f\u00e1kat!\",\"datePublished\":\"2025-07-01T14:56:19+00:00\",\"dateModified\":\"2025-11-09T17:07:19+00:00\",\"mainEntityOfPage\":{\"@id\":\"https:\\\/\\\/urbanmuveszet.hu\\\/onkentes-vizadas-locsolj-te-is-budapesti-fakat\\\/\"},\"wordCount\":857,\"publisher\":{\"@id\":\"https:\\\/\\\/urbanmuveszet.hu\\\/#organization\"},\"image\":{\"@id\":\"https:\\\/\\\/urbanmuveszet.hu\\\/onkentes-vizadas-locsolj-te-is-budapesti-fakat\\\/#primaryimage\"},\"thumbnailUrl\":\"https:\\\/\\\/urbanmuveszet.hu\\\/wp-content\\\/uploads\\\/2025\\\/06\\\/locsolas-10-millio-fa.jpg\",\"keywords\":[\"#Budapest\"],\"articleSection\":[\"Aj\u00e1nl\u00f3\"],\"inLanguage\":\"en-GB\"},{\"@type\":\"WebPage\",\"@id\":\"https:\\\/\\\/urbanmuveszet.hu\\\/onkentes-vizadas-locsolj-te-is-budapesti-fakat\\\/\",\"url\":\"https:\\\/\\\/urbanmuveszet.hu\\\/onkentes-vizadas-locsolj-te-is-budapesti-fakat\\\/\",\"name\":\"\u00d6nk\u00e9ntes V\u00edzad\u00e1s \u2013 locsolj te is budapesti f\u00e1kat! &#8226; Urban M\u0171v\u00e9szet\",\"isPartOf\":{\"@id\":\"https:\\\/\\\/urbanmuveszet.hu\\\/#website\"},\"primaryImageOfPage\":{\"@id\":\"https:\\\/\\\/urbanmuveszet.hu\\\/onkentes-vizadas-locsolj-te-is-budapesti-fakat\\\/#primaryimage\"},\"image\":{\"@id\":\"https:\\\/\\\/urbanmuveszet.hu\\\/onkentes-vizadas-locsolj-te-is-budapesti-fakat\\\/#primaryimage\"},\"thumbnailUrl\":\"https:\\\/\\\/urbanmuveszet.hu\\\/wp-content\\\/uploads\\\/2025\\\/06\\\/locsolas-10-millio-fa.jpg\",\"datePublished\":\"2025-07-01T14:56:19+00:00\",\"dateModified\":\"2025-11-09T17:07:19+00:00\",\"description\":\"\u00d6nk\u00e9ntes V\u00edzad\u00f3 programot hirdet Budapesten a 10 milli\u00f3 Fa, Budapest \u00f6nkorm\u00e1nyzata, a F\u0151kert \u00e9s a beeco \u201e\u00f6kosapplik\u00e1ci\u00f3\u201d.\",\"breadcrumb\":{\"@id\":\"https:\\\/\\\/urbanmuveszet.hu\\\/onkentes-vizadas-locsolj-te-is-budapesti-fakat\\\/#breadcrumb\"},\"inLanguage\":\"en-GB\",\"potentialAction\":[{\"@type\":\"ReadAction\",\"target\":[\"https:\\\/\\\/urbanmuveszet.hu\\\/onkentes-vizadas-locsolj-te-is-budapesti-fakat\\\/\"]}]},{\"@type\":\"ImageObject\",\"inLanguage\":\"en-GB\",\"@id\":\"https:\\\/\\\/urbanmuveszet.hu\\\/onkentes-vizadas-locsolj-te-is-budapesti-fakat\\\/#primaryimage\",\"url\":\"https:\\\/\\\/urbanmuveszet.hu\\\/wp-content\\\/uploads\\\/2025\\\/06\\\/locsolas-10-millio-fa.jpg\",\"contentUrl\":\"https:\\\/\\\/urbanmuveszet.hu\\\/wp-content\\\/uploads\\\/2025\\\/06\\\/locsolas-10-millio-fa.jpg\",\"width\":1600,\"height\":900},{\"@type\":\"BreadcrumbList\",\"@id\":\"https:\\\/\\\/urbanmuveszet.hu\\\/onkentes-vizadas-locsolj-te-is-budapesti-fakat\\\/#breadcrumb\",\"itemListElement\":[{\"@type\":\"ListItem\",\"position\":1,\"name\":\"Home\",\"item\":\"https:\\\/\\\/urbanmuveszet.hu\\\/\"},{\"@type\":\"ListItem\",\"position\":2,\"name\":\"\u00d6nk\u00e9ntes V\u00edzad\u00e1s \u2013 locsolj te is budapesti f\u00e1kat!\"}]},{\"@type\":\"WebSite\",\"@id\":\"https:\\\/\\\/urbanmuveszet.hu\\\/#website\",\"url\":\"https:\\\/\\\/urbanmuveszet.hu\\\/\",\"name\":\"Urban M\u0171v\u00e9szet\",\"description\":\"\ud83d\udca5 \u00dajgener\u00e1ci\u00f3s Szellemi Alkot\u00e1sok\",\"publisher\":{\"@id\":\"https:\\\/\\\/urbanmuveszet.hu\\\/#organization\"},\"alternateName\":\"UM\",\"potentialAction\":[{\"@type\":\"SearchAction\",\"target\":{\"@type\":\"EntryPoint\",\"urlTemplate\":\"https:\\\/\\\/urbanmuveszet.hu\\\/?s={search_term_string}\"},\"query-input\":{\"@type\":\"PropertyValueSpecification\",\"valueRequired\":true,\"valueName\":\"search_term_string\"}}],\"inLanguage\":\"en-GB\"},{\"@type\":\"Organization\",\"@id\":\"https:\\\/\\\/urbanmuveszet.hu\\\/#organization\",\"name\":\"Urban M\u0171v\u00e9szet\",\"alternateName\":\"UM\",\"url\":\"https:\\\/\\\/urbanmuveszet.hu\\\/\",\"logo\":{\"@type\":\"ImageObject\",\"inLanguage\":\"en-GB\",\"@id\":\"https:\\\/\\\/urbanmuveszet.hu\\\/#\\\/schema\\\/logo\\\/image\\\/\",\"url\":\"https:\\\/\\\/urbanmuveszet.hu\\\/wp-content\\\/uploads\\\/2022\\\/12\\\/UM-kor-logo.webp\",\"contentUrl\":\"https:\\\/\\\/urbanmuveszet.hu\\\/wp-content\\\/uploads\\\/2022\\\/12\\\/UM-kor-logo.webp\",\"width\":500,\"height\":500,\"caption\":\"Urban M\u0171v\u00e9szet\"},\"image\":{\"@id\":\"https:\\\/\\\/urbanmuveszet.hu\\\/#\\\/schema\\\/logo\\\/image\\\/\"},\"sameAs\":[\"https:\\\/\\\/www.facebook.com\\\/urbanmuveszet\",\"https:\\\/\\\/x.com\\\/urbanmuveszet\",\"https:\\\/\\\/www.instagram.com\\\/urbanmuveszet\\\/\"]},{\"@type\":\"Person\",\"@id\":\"https:\\\/\\\/urbanmuveszet.hu\\\/#\\\/schema\\\/person\\\/353833f1611c99659dfe053950e14f1a\",\"name\":\"Gyuris Csabi\",\"image\":{\"@type\":\"ImageObject\",\"inLanguage\":\"en-GB\",\"@id\":\"https:\\\/\\\/urbanmuveszet.hu\\\/wp-content\\\/uploads\\\/2022\\\/04\\\/F23DEB2B-0687-4029-8D0D-8780CD8D6B92_1_201_a-150x150.jpeg\",\"url\":\"https:\\\/\\\/urbanmuveszet.hu\\\/wp-content\\\/uploads\\\/2022\\\/04\\\/F23DEB2B-0687-4029-8D0D-8780CD8D6B92_1_201_a-150x150.jpeg\",\"contentUrl\":\"https:\\\/\\\/urbanmuveszet.hu\\\/wp-content\\\/uploads\\\/2022\\\/04\\\/F23DEB2B-0687-4029-8D0D-8780CD8D6B92_1_201_a-150x150.jpeg\",\"caption\":\"Gyuris Csabi\"},\"description\":\"\u00dagy gondolom, hogy k\u00f6z\u00f6ss\u00e9g\u00fcnk kollekt\u00edv szellemis\u00e9g\u00e9t, aminek ereje \u00e9s hangja van, m\u00e9lt\u00f3 m\u00f3don kell prezent\u00e1lni a nagyk\u00f6z\u00f6ns\u00e9g sz\u00e1m\u00e1ra.\",\"url\":\"https:\\\/\\\/urbanmuveszet.hu\\\/en\\\/szerzo\\\/csabi\\\/\"}]}<\/script>\n<!-- \/ Yoast SEO plugin. -->","yoast_head_json":{"title":"\u00d6nk\u00e9ntes V\u00edzad\u00e1s \u2013 locsolj te is budapesti f\u00e1kat! &#8226; Urban M\u0171v\u00e9szet","description":"\u00d6nk\u00e9ntes V\u00edzad\u00f3 programot hirdet Budapesten a 10 milli\u00f3 Fa, Budapest \u00f6nkorm\u00e1nyzata, a F\u0151kert \u00e9s a beeco \u201e\u00f6kosapplik\u00e1ci\u00f3\u201d.","robots":{"index":"index","follow":"follow","max-snippet":"max-snippet:-1","max-image-preview":"max-image-preview:large","max-video-preview":"max-video-preview:-1"},"canonical":"https:\/\/urbanmuveszet.hu\/en\/onkentes-vizadas-locsolj-te-is-budapesti-fakat\/","og_locale":"en_GB","og_type":"article","og_title":"\u00d6nk\u00e9ntes V\u00edzad\u00e1s \u2013 locsolj te is budapesti f\u00e1kat! &#8226; Urban M\u0171v\u00e9szet","og_description":"\u00d6nk\u00e9ntes V\u00edzad\u00f3 programot hirdet Budapesten a 10 milli\u00f3 Fa, Budapest \u00f6nkorm\u00e1nyzata, a F\u0151kert \u00e9s a beeco \u201e\u00f6kosapplik\u00e1ci\u00f3\u201d.","og_url":"https:\/\/urbanmuveszet.hu\/en\/onkentes-vizadas-locsolj-te-is-budapesti-fakat\/","og_site_name":"Urban M\u0171v\u00e9szet","article_publisher":"https:\/\/www.facebook.com\/urbanmuveszet","article_published_time":"2025-07-01T14:56:19+00:00","article_modified_time":"2025-11-09T17:07:19+00:00","og_image":[{"width":1600,"height":900,"url":"https:\/\/urbanmuveszet.hu\/wp-content\/uploads\/2025\/06\/locsolas-10-millio-fa.jpg","type":"image\/jpeg"}],"author":"Gyuris Csabi","twitter_card":"summary_large_image","twitter_creator":"@urbanmuveszet","twitter_site":"@urbanmuveszet","twitter_misc":{"Written by":"Gyuris Csabi","Estimated reading time":"3 minutes"},"schema":{"@context":"https:\/\/schema.org","@graph":[{"@type":"Article","@id":"https:\/\/urbanmuveszet.hu\/onkentes-vizadas-locsolj-te-is-budapesti-fakat\/#article","isPartOf":{"@id":"https:\/\/urbanmuveszet.hu\/onkentes-vizadas-locsolj-te-is-budapesti-fakat\/"},"author":{"name":"Gyuris Csabi","@id":"https:\/\/urbanmuveszet.hu\/#\/schema\/person\/353833f1611c99659dfe053950e14f1a"},"headline":"\u00d6nk\u00e9ntes V\u00edzad\u00e1s \u2013 locsolj te is budapesti f\u00e1kat!","datePublished":"2025-07-01T14:56:19+00:00","dateModified":"2025-11-09T17:07:19+00:00","mainEntityOfPage":{"@id":"https:\/\/urbanmuveszet.hu\/onkentes-vizadas-locsolj-te-is-budapesti-fakat\/"},"wordCount":857,"publisher":{"@id":"https:\/\/urbanmuveszet.hu\/#organization"},"image":{"@id":"https:\/\/urbanmuveszet.hu\/onkentes-vizadas-locsolj-te-is-budapesti-fakat\/#primaryimage"},"thumbnailUrl":"https:\/\/urbanmuveszet.hu\/wp-content\/uploads\/2025\/06\/locsolas-10-millio-fa.jpg","keywords":["#Budapest"],"articleSection":["Aj\u00e1nl\u00f3"],"inLanguage":"en-GB"},{"@type":"WebPage","@id":"https:\/\/urbanmuveszet.hu\/onkentes-vizadas-locsolj-te-is-budapesti-fakat\/","url":"https:\/\/urbanmuveszet.hu\/onkentes-vizadas-locsolj-te-is-budapesti-fakat\/","name":"\u00d6nk\u00e9ntes V\u00edzad\u00e1s \u2013 locsolj te is budapesti f\u00e1kat! &#8226; Urban M\u0171v\u00e9szet","isPartOf":{"@id":"https:\/\/urbanmuveszet.hu\/#website"},"primaryImageOfPage":{"@id":"https:\/\/urbanmuveszet.hu\/onkentes-vizadas-locsolj-te-is-budapesti-fakat\/#primaryimage"},"image":{"@id":"https:\/\/urbanmuveszet.hu\/onkentes-vizadas-locsolj-te-is-budapesti-fakat\/#primaryimage"},"thumbnailUrl":"https:\/\/urbanmuveszet.hu\/wp-content\/uploads\/2025\/06\/locsolas-10-millio-fa.jpg","datePublished":"2025-07-01T14:56:19+00:00","dateModified":"2025-11-09T17:07:19+00:00","description":"\u00d6nk\u00e9ntes V\u00edzad\u00f3 programot hirdet Budapesten a 10 milli\u00f3 Fa, Budapest \u00f6nkorm\u00e1nyzata, a F\u0151kert \u00e9s a beeco \u201e\u00f6kosapplik\u00e1ci\u00f3\u201d.","breadcrumb":{"@id":"https:\/\/urbanmuveszet.hu\/onkentes-vizadas-locsolj-te-is-budapesti-fakat\/#breadcrumb"},"inLanguage":"en-GB","potentialAction":[{"@type":"ReadAction","target":["https:\/\/urbanmuveszet.hu\/onkentes-vizadas-locsolj-te-is-budapesti-fakat\/"]}]},{"@type":"ImageObject","inLanguage":"en-GB","@id":"https:\/\/urbanmuveszet.hu\/onkentes-vizadas-locsolj-te-is-budapesti-fakat\/#primaryimage","url":"https:\/\/urbanmuveszet.hu\/wp-content\/uploads\/2025\/06\/locsolas-10-millio-fa.jpg","contentUrl":"https:\/\/urbanmuveszet.hu\/wp-content\/uploads\/2025\/06\/locsolas-10-millio-fa.jpg","width":1600,"height":900},{"@type":"BreadcrumbList","@id":"https:\/\/urbanmuveszet.hu\/onkentes-vizadas-locsolj-te-is-budapesti-fakat\/#breadcrumb","itemListElement":[{"@type":"ListItem","position":1,"name":"Home","item":"https:\/\/urbanmuveszet.hu\/"},{"@type":"ListItem","position":2,"name":"\u00d6nk\u00e9ntes V\u00edzad\u00e1s \u2013 locsolj te is budapesti f\u00e1kat!"}]},{"@type":"WebSite","@id":"https:\/\/urbanmuveszet.hu\/#website","url":"https:\/\/urbanmuveszet.hu\/","name":"Urban Art","description":"\ud83d\udca5 \u00dajgener\u00e1ci\u00f3s Szellemi Alkot\u00e1sok","publisher":{"@id":"https:\/\/urbanmuveszet.hu\/#organization"},"alternateName":"UM","potentialAction":[{"@type":"SearchAction","target":{"@type":"EntryPoint","urlTemplate":"https:\/\/urbanmuveszet.hu\/?s={search_term_string}"},"query-input":{"@type":"PropertyValueSpecification","valueRequired":true,"valueName":"search_term_string"}}],"inLanguage":"en-GB"},{"@type":"Organization","@id":"https:\/\/urbanmuveszet.hu\/#organization","name":"Urban Art","alternateName":"UM","url":"https:\/\/urbanmuveszet.hu\/","logo":{"@type":"ImageObject","inLanguage":"en-GB","@id":"https:\/\/urbanmuveszet.hu\/#\/schema\/logo\/image\/","url":"https:\/\/urbanmuveszet.hu\/wp-content\/uploads\/2022\/12\/UM-kor-logo.webp","contentUrl":"https:\/\/urbanmuveszet.hu\/wp-content\/uploads\/2022\/12\/UM-kor-logo.webp","width":500,"height":500,"caption":"Urban M\u0171v\u00e9szet"},"image":{"@id":"https:\/\/urbanmuveszet.hu\/#\/schema\/logo\/image\/"},"sameAs":["https:\/\/www.facebook.com\/urbanmuveszet","https:\/\/x.com\/urbanmuveszet","https:\/\/www.instagram.com\/urbanmuveszet\/"]},{"@type":"Person","@id":"https:\/\/urbanmuveszet.hu\/#\/schema\/person\/353833f1611c99659dfe053950e14f1a","name":"Csabi Gyuris","image":{"@type":"ImageObject","inLanguage":"en-GB","@id":"https:\/\/urbanmuveszet.hu\/wp-content\/uploads\/2022\/04\/F23DEB2B-0687-4029-8D0D-8780CD8D6B92_1_201_a-150x150.jpeg","url":"https:\/\/urbanmuveszet.hu\/wp-content\/uploads\/2022\/04\/F23DEB2B-0687-4029-8D0D-8780CD8D6B92_1_201_a-150x150.jpeg","contentUrl":"https:\/\/urbanmuveszet.hu\/wp-content\/uploads\/2022\/04\/F23DEB2B-0687-4029-8D0D-8780CD8D6B92_1_201_a-150x150.jpeg","caption":"Gyuris Csabi"},"description":"I believe that the collective spirit of our community, which has power and voice, should be presented to the general public in a dignified manner.","url":"https:\/\/urbanmuveszet.hu\/en\/szerzo\/csabi\/"}]}},"_links":{"self":[{"href":"https:\/\/urbanmuveszet.hu\/en\/wp-json\/wp\/v2\/posts\/4414468","targetHints":{"allow":["GET"]}}],"collection":[{"href":"https:\/\/urbanmuveszet.hu\/en\/wp-json\/wp\/v2\/posts"}],"about":[{"href":"https:\/\/urbanmuveszet.hu\/en\/wp-json\/wp\/v2\/types\/post"}],"author":[{"embeddable":true,"href":"https:\/\/urbanmuveszet.hu\/en\/wp-json\/wp\/v2\/users\/5"}],"replies":[{"embeddable":true,"href":"https:\/\/urbanmuveszet.hu\/en\/wp-json\/wp\/v2\/comments?post=4414468"}],"version-history":[{"count":1,"href":"https:\/\/urbanmuveszet.hu\/en\/wp-json\/wp\/v2\/posts\/4414468\/revisions"}],"predecessor-version":[{"id":4415612,"href":"https:\/\/urbanmuveszet.hu\/en\/wp-json\/wp\/v2\/posts\/4414468\/revisions\/4415612"}],"wp:featuredmedia":[{"embeddable":true,"href":"https:\/\/urbanmuveszet.hu\/en\/wp-json\/wp\/v2\/media\/4414466"}],"wp:attachment":[{"href":"https:\/\/urbanmuveszet.hu\/en\/wp-json\/wp\/v2\/media?parent=4414468"}],"wp:term":[{"taxonomy":"category","embeddable":true,"href":"https:\/\/urbanmuveszet.hu\/en\/wp-json\/wp\/v2\/categories?post=4414468"},{"taxonomy":"post_tag","embeddable":true,"href":"https:\/\/urbanmuveszet.hu\/en\/wp-json\/wp\/v2\/tags?post=4414468"}],"curies":[{"name":"wp","href":"https:\/\/api.w.org\/{rel}","templated":true}]}}