{"id":4411954,"date":"2025-04-10T16:33:35","date_gmt":"2025-04-10T14:33:35","guid":{"rendered":"https:\/\/teszt.urbanmuveszet.hu\/?p=4411954"},"modified":"2025-11-09T18:08:36","modified_gmt":"2025-11-09T17:08:36","slug":"jamayk-art-interju","status":"publish","type":"post","link":"https:\/\/urbanmuveszet.hu\/en\/jamayk-art-interju\/","title":{"rendered":"Jamayk.ART interview"},"content":{"rendered":"<p>[et_pb_section fb_built=&#8221;1&#8243; _builder_version=&#8221;4.19.4&#8243; _module_preset=&#8221;default&#8221; background_color=&#8221;#141719&#8243; custom_margin=&#8221;||||false|false&#8221; custom_margin_tablet=&#8221;||||false|false&#8221; custom_margin_phone=&#8221;20px||||false|false&#8221; custom_margin_last_edited=&#8221;off|desktop&#8221; da_disable_devices=&#8221;off|off|off&#8221; global_colors_info=&#8221;{}&#8221; da_is_popup=&#8221;off&#8221; da_exit_intent=&#8221;off&#8221; da_has_close=&#8221;on&#8221; da_alt_close=&#8221;off&#8221; da_dark_close=&#8221;off&#8221; da_not_modal=&#8221;on&#8221; da_is_singular=&#8221;off&#8221; da_with_loader=&#8221;off&#8221; da_has_shadow=&#8221;on&#8221;][et_pb_row _builder_version=&#8221;4.17.1&#8243; _module_preset=&#8221;default&#8221; global_colors_info=&#8221;{}&#8221;][et_pb_column type=&#8221;4_4&#8243; _builder_version=&#8221;4.16&#8243; _module_preset=&#8221;default&#8221; global_colors_info=&#8221;{}&#8221;][et_pb_text _builder_version=&#8221;4.27.4&#8243; _module_preset=&#8221;default&#8221; global_colors_info=&#8221;{}&#8221;]<\/p>\n<h3 class=\"p1\">A m\u0171v\u00e9sz alkot\u00f3i st\u00edlusa egyfajta vizu\u00e1lis pszichodr\u00e1ma, amiben keveredik a street art szabads\u00e1ga, az eklektikus t\u00falz\u00e1s, a sz\u00fcrrealizmus \u00e1lomszer\u0171s\u00e9ge \u00e9s a bels\u0151 vil\u00e1g boncolgat\u00e1s\u00e1nak \u0151szintes\u00e9ge. Munk\u00e1ival szeret ismert karaktereket, ikonokat, festm\u00e9nyeket \u00faj kontextusba helyezni, amik sokszor t\u00fckr\u00f6t tartanak. Ha valakiben elind\u00edt egy bels\u0151 p\u00e1rbesz\u00e9det, akkor m\u00e1r megt\u00f6rt\u00e9nt a var\u00e1zslat.<\/h3>\n<p>[\/et_pb_text][et_pb_text _builder_version=&#8221;4.26.0&#8243; _module_preset=&#8221;default&#8221; global_colors_info=&#8221;{}&#8221;]<\/p>\n<h3 class=\"p1\">Mi vezetett ahhoz, hogy m\u0171v\u00e9sz legy\u00e9l?<\/h3>\n<p>[\/et_pb_text][et_pb_text _builder_version=&#8221;4.27.4&#8243; _module_preset=&#8221;default&#8221; global_colors_info=&#8221;{}&#8221;]<\/p>\n<p class=\"p1\">A <strong><a href=\"https:\/\/www.instagram.com\/jamayk.art\/\" target=\"_blank\" rel=\"noopener\">m\u0171v\u00e9szet<\/a><\/strong> sz\u00e1momra mindig is egyfajta bels\u0151 t\u00e9rk\u00e9p volt. Nem puszt\u00e1n alkot\u00e1s, hanem egy \u00fat \u00f6nmagamhoz. Az els\u0151 k\u00e9peim m\u00e9g \u00f6szt\u00f6n\u00f6sen sz\u00fclettek \u2013 egyfajta v\u00e1laszk\u00e9nt azokra a bels\u0151 fesz\u00fclts\u00e9gekre, amiket nem tudtam szavakba \u00f6nteni. K\u00e9s\u0151bb j\u00f6ttem r\u00e1, hogy amit csin\u00e1lok, az tulajdonk\u00e9ppen vizu\u00e1lis \u00f6nter\u00e1pia: \u00e9rz\u00e9sek, traum\u00e1k, eml\u00e9kek feldolgoz\u00e1sa k\u00e9pekben. A fest\u00e9szet nemcsak kifejez\u00e9s, hanem meg\u00e9rt\u00e9s is \u2013 egy p\u00e1rbesz\u00e9d a tudattalannal.<span class=\"s1\"><span class=\"Apple-converted-space\">\u00a0<\/span><\/span><\/p>\n<p>[\/et_pb_text][et_pb_image src=&#8221;https:\/\/urbanmuveszet.hu\/wp-content\/uploads\/2025\/04\/Jamayk.ART-boritokep.jpeg&#8221; alt=&#8221;Jamayk.ART&#8221; align=&#8221;center&#8221; _builder_version=&#8221;4.27.4&#8243; _module_preset=&#8221;default&#8221; width_phone=&#8221;100%&#8221; width_last_edited=&#8221;off|desktop&#8221; border_radii=&#8221;on|10px|10px|10px|10px&#8221; border_radii_phone=&#8221;on|10px|10px|10px|10px&#8221; border_radii_last_edited=&#8221;off|phone&#8221; global_colors_info=&#8221;{}&#8221;][\/et_pb_image][et_pb_text _builder_version=&#8221;4.26.0&#8243; _module_preset=&#8221;default&#8221; global_colors_info=&#8221;{}&#8221;]<\/p>\n<h3 class=\"p1\">Mi\u00f3ta k\u00e9sz\u00edtesz grafikai terveket?<\/h3>\n<p>[\/et_pb_text][et_pb_text _builder_version=&#8221;4.27.4&#8243; _module_preset=&#8221;default&#8221; global_colors_info=&#8221;{}&#8221;]<\/p>\n<p class=\"p1\">Tizen\u00e9ves koromban, (20 \u00e9ve <span class=\"s1\">\ud83d\ude48<\/span>) gimnazistak\u00e9nt kezdtem el komolyabban foglalkozni a rajzol\u00e1ssal. Nagy hat\u00e1ssal volt r\u00e1m T\u00f6r\u0151 Ir\u00e9n fest\u0151m\u0171v\u00e9sz, a rajztan\u00e1rom, aki felkarolt \u00e9s rengeteget seg\u00edtett, hogy kibontakozhassak. H\u00e1l\u00e1s vagyok neki, hogy megl\u00e1tta bennem a lehet\u0151s\u00e9get, \u00e9s b\u00e1tor\u00edtott az alkot\u00e1sra.<span class=\"s2\"><br \/><\/span><\/p>\n<p>[\/et_pb_text][et_pb_text _builder_version=&#8221;4.27.4&#8243; _module_preset=&#8221;default&#8221; global_colors_info=&#8221;{}&#8221;]<\/p>\n<h3 class=\"p1\">Milyen technik\u00e1val \u00e9s eszk\u00f6z\u00f6kkel k\u00e9sz\u00edted el az illusztr\u00e1ci\u00f3idat, illetve a festm\u00e9nyeidet?<span class=\"s1\"><b> <br \/><\/b><\/span><\/h3>\n<p>[\/et_pb_text][et_pb_text _builder_version=&#8221;4.27.4&#8243; _module_preset=&#8221;default&#8221; global_colors_info=&#8221;{}&#8221;]<\/p>\n<p class=\"p1\">Kezdetben hagyom\u00e1nyos technik\u00e1kkal dolgoztam \u2013 festettem, sz\u00e9nrajzokat k\u00e9sz\u00edtettem \u2013, de ahogy a technol\u00f3gia fejl\u0151d\u00f6tt, fokozatosan \u00e1tt\u00e9rtem a digit\u00e1lis rajzol\u00e1sra. Ez nem jelenti azt, hogy kevesebbet rajzolok \u2013 tov\u00e1bbra is ugyan\u00fagy k\u00e9zzel k\u00e9sz\u00fcl minden von\u00e1s \u2013, csak \u00e9pp az eszk\u00f6zt\u00e1ram egy gombnyom\u00e1sra el\u00e9rhet\u0151, ami \u00faj lehet\u0151s\u00e9geket nyitott meg el\u0151ttem.<span class=\"s1\"><\/span><span class=\"s1\"><\/span><\/p>\n<p>[\/et_pb_text][et_pb_image src=&#8221;https:\/\/urbanmuveszet.hu\/wp-content\/uploads\/2025\/04\/Jamayk.ART-7.jpg&#8221; alt=&#8221;Jamayk.ART&#8221; align=&#8221;center&#8221; _builder_version=&#8221;4.27.4&#8243; _module_preset=&#8221;default&#8221; width=&#8221;80%&#8221; width_tablet=&#8221;&#8221; width_phone=&#8221;100%&#8221; width_last_edited=&#8221;on|desktop&#8221; border_radii=&#8221;on|10px|10px|10px|10px&#8221; border_radii_phone=&#8221;on|10px|10px|10px|10px&#8221; border_radii_last_edited=&#8221;off|phone&#8221; global_colors_info=&#8221;{}&#8221;][\/et_pb_image][et_pb_text _builder_version=&#8221;4.27.4&#8243; _module_preset=&#8221;default&#8221; global_colors_info=&#8221;{}&#8221;]<\/p>\n<p>A digit\u00e1lis form\u00e1tum \u00edgy nem csup\u00e1n technikai rugalmass\u00e1got adott, hanem kisz\u00e9les\u00edtette a m\u0171v\u00e9szetem jelenl\u00e9t\u00e9t is a fizikai t\u00e9rben. Lehet\u0151s\u00e9gem ny\u00edlt arra, hogy az alkot\u00e1saim k\u00fcl\u00f6nb\u00f6z\u0151 fel\u00fcleteken \u00e9s t\u00e1rgyakon is \u00e9letre keljenek: nyomtattam m\u00e1r vitrinek belsej\u00e9be, barokk st\u00edlus\u00fa b\u00fatorokra, ruh\u00e1kra, cip\u0151kre, t\u00e1sk\u00e1kra, de f\u0151k\u00e9nt antik keretekbe teszem a munk\u00e1im. Ez\u00e1ltal a k\u00e9peim nemcsak falakon, hanem a mindennapok t\u00e1rgyain is megjelennek \u2013 \u00e9s ez egy k\u00fcl\u00f6n\u00f6sen izgalmas r\u00e9teg\u00e9t nyitotta meg a m\u0171v\u00e9szetemnek, hiszen \u00edgy a bels\u0151 vil\u00e1gom fizikailag is k\u00f6zelebb ker\u00fclhet m\u00e1sokhoz.<\/p>\n<p>[\/et_pb_text][et_pb_image src=&#8221;https:\/\/urbanmuveszet.hu\/wp-content\/uploads\/2025\/04\/Jamayk.ART-9.jpg&#8221; alt=&#8221;Jamayk.ART&#8221; align=&#8221;center&#8221; _builder_version=&#8221;4.27.4&#8243; _module_preset=&#8221;default&#8221; width=&#8221;80%&#8221; width_tablet=&#8221;&#8221; width_phone=&#8221;100%&#8221; width_last_edited=&#8221;on|desktop&#8221; border_radii=&#8221;on|10px|10px|10px|10px&#8221; border_radii_phone=&#8221;on|10px|10px|10px|10px&#8221; border_radii_last_edited=&#8221;off|phone&#8221; global_colors_info=&#8221;{}&#8221;][\/et_pb_image][et_pb_image src=&#8221;https:\/\/urbanmuveszet.hu\/wp-content\/uploads\/2025\/04\/Jamayk.ART-12.jpg&#8221; alt=&#8221;Jamayk.ART&#8221; align=&#8221;center&#8221; _builder_version=&#8221;4.27.4&#8243; _module_preset=&#8221;default&#8221; width=&#8221;80%&#8221; width_tablet=&#8221;&#8221; width_phone=&#8221;100%&#8221; width_last_edited=&#8221;on|desktop&#8221; border_radii=&#8221;on|10px|10px|10px|10px&#8221; border_radii_phone=&#8221;on|10px|10px|10px|10px&#8221; border_radii_last_edited=&#8221;off|phone&#8221; global_colors_info=&#8221;{}&#8221;][\/et_pb_image][et_pb_image src=&#8221;https:\/\/urbanmuveszet.hu\/wp-content\/uploads\/2025\/04\/Jamayk.ART-10.jpg&#8221; align=&#8221;center&#8221; _builder_version=&#8221;4.27.4&#8243; _module_preset=&#8221;default&#8221; width=&#8221;80%&#8221; width_tablet=&#8221;&#8221; width_phone=&#8221;100%&#8221; width_last_edited=&#8221;on|desktop&#8221; border_radii=&#8221;on|10px|10px|10px|10px&#8221; border_radii_phone=&#8221;on|10px|10px|10px|10px&#8221; border_radii_last_edited=&#8221;off|phone&#8221; global_colors_info=&#8221;{}&#8221;][\/et_pb_image][et_pb_image src=&#8221;https:\/\/urbanmuveszet.hu\/wp-content\/uploads\/2025\/04\/Jamayk.ART-19.jpg&#8221; alt=&#8221;Jamayk.ART&#8221; align=&#8221;center&#8221; _builder_version=&#8221;4.27.4&#8243; _module_preset=&#8221;default&#8221; width=&#8221;80%&#8221; width_tablet=&#8221;&#8221; width_phone=&#8221;100%&#8221; width_last_edited=&#8221;on|desktop&#8221; border_radii=&#8221;on|10px|10px|10px|10px&#8221; border_radii_phone=&#8221;on|10px|10px|10px|10px&#8221; border_radii_last_edited=&#8221;off|phone&#8221; global_colors_info=&#8221;{}&#8221;][\/et_pb_image][et_pb_image src=&#8221;https:\/\/urbanmuveszet.hu\/wp-content\/uploads\/2025\/04\/Jamayk.ART-11.jpg&#8221; alt=&#8221;Jamayk.ART&#8221; align=&#8221;center&#8221; _builder_version=&#8221;4.27.4&#8243; _module_preset=&#8221;default&#8221; width=&#8221;70%&#8221; width_tablet=&#8221;&#8221; width_phone=&#8221;100%&#8221; width_last_edited=&#8221;on|desktop&#8221; border_radii=&#8221;on|10px|10px|10px|10px&#8221; border_radii_phone=&#8221;on|10px|10px|10px|10px&#8221; border_radii_last_edited=&#8221;off|phone&#8221; global_colors_info=&#8221;{}&#8221;][\/et_pb_image][et_pb_image src=&#8221;https:\/\/urbanmuveszet.hu\/wp-content\/uploads\/2025\/04\/Jamayk.ART-22.jpg&#8221; alt=&#8221;Jamayk.ART&#8221; align=&#8221;center&#8221; _builder_version=&#8221;4.27.4&#8243; _module_preset=&#8221;default&#8221; width=&#8221;100%&#8221; width_phone=&#8221;100%&#8221; width_last_edited=&#8221;off|desktop&#8221; border_radii=&#8221;on|10px|10px|10px|10px&#8221; border_radii_phone=&#8221;on|10px|10px|10px|10px&#8221; border_radii_last_edited=&#8221;off|phone&#8221; global_colors_info=&#8221;{}&#8221;][\/et_pb_image][et_pb_text _builder_version=&#8221;4.27.4&#8243; _module_preset=&#8221;default&#8221; global_colors_info=&#8221;{}&#8221;]<\/p>\n<h3 class=\"p1\">Bemutatn\u00e1d kicsit r\u00e9szletesebben a hozz\u00e1d legk\u00f6zelebb \u00e1ll\u00f3 munk\u00e1dat?<\/h3>\n<p>[\/et_pb_text][et_pb_text _builder_version=&#8221;4.27.4&#8243; _module_preset=&#8221;default&#8221; global_colors_info=&#8221;{}&#8221;]<\/p>\n<p class=\"p1\">Az egyik legkedvesebb munk\u00e1m sz\u00e1momra egy k\u00fcl\u00f6nleges tal\u00e1lkoz\u00e1s \u2013 egy k\u00e9pzeletbeli dial\u00f3gus Frida Kahlo \u00e9s Salvador Dal\u00ed k\u00f6z\u00f6tt egy \u00f6sszedolgozott portr\u00e9 form\u00e1j\u00e1ban. Mindk\u00e9t m\u0171v\u00e9sz elk\u00e9peszt\u0151en er\u0151s vizu\u00e1lis nyelvet k\u00e9pvisel, m\u00e9gis teljesen m\u00e1s rezg\u00e9sszinten sz\u00f3lalnak meg. Ebben a k\u00e9pben megpr\u00f3b\u00e1ltam hidat \u00e9p\u00edteni k\u00f6z\u00f6tt\u00fck \u2013 \u00e9s k\u00f6zben magamhoz is.<span class=\"s1\"> <br \/><\/span><\/p>\n<p>[\/et_pb_text][et_pb_image src=&#8221;https:\/\/urbanmuveszet.hu\/wp-content\/uploads\/2025\/04\/Jamayk.ART-3.webp&#8221; align=&#8221;center&#8221; _builder_version=&#8221;4.27.4&#8243; _module_preset=&#8221;default&#8221; width=&#8221;60%&#8221; width_tablet=&#8221;&#8221; width_phone=&#8221;100%&#8221; width_last_edited=&#8221;on|desktop&#8221; border_radii=&#8221;on|10px|10px|10px|10px&#8221; border_radii_phone=&#8221;on|10px|10px|10px|10px&#8221; border_radii_last_edited=&#8221;off|phone&#8221; global_colors_info=&#8221;{}&#8221;][\/et_pb_image][et_pb_text _builder_version=&#8221;4.27.4&#8243; _module_preset=&#8221;default&#8221; global_colors_info=&#8221;{}&#8221;]<\/p>\n<p class=\"p1\">A kompoz\u00edci\u00f3ban Frida ereje, sebezhet\u0151s\u00e9ge \u00e9s nyers \u0151szintes\u00e9ge tal\u00e1lkozik Dal\u00ed sz\u00fcrrealista j\u00e1t\u00e9koss\u00e1g\u00e1val \u00e9s megh\u00f6kkent\u0151 vil\u00e1g\u00e1val. A k\u00e9p sz\u00e1momra a n\u0151i \u00e9s f\u00e9rfi archet\u00edpusok bels\u0151 t\u00e1nc\u00e1t jelen\u00edti meg \u2013 nem ellent\u00e9tk\u00e9nt, hanem kieg\u00e9sz\u00fcl\u00e9sk\u00e9nt. Frida n\u00e9z\u00e9se k\u00e9rdez, figyel, megfogalmazza az \u00e9rzelmi val\u00f3s\u00e1got, m\u00edg Dal\u00ed form\u00e1kat \u00e9s szimb\u00f3lumokat k\u00edn\u00e1l v\u00e1laszul, mintha a tudattalan r\u00e9tegeib\u0151l emeln\u00e9 ki a lehets\u00e9ges meg\u00e9rt\u00e9st.<span class=\"s1\"><\/span><\/p>\n<p>[\/et_pb_text][et_pb_text _builder_version=&#8221;4.27.4&#8243; _module_preset=&#8221;default&#8221; global_colors_info=&#8221;{}&#8221;]<\/p>\n<p>Ez a k\u00e9p k\u00f6zel \u00e1ll hozz\u00e1m, mert benne vagyok \u00e9n is: a pszichol\u00f3giai m\u00e9lys\u00e9gek ir\u00e1nti vonzalmam, a t\u00f6rt\u00e9netek szeretete, a v\u00e1gy, hogy k\u00e9t v\u00e9glet k\u00f6z\u00f6tt valami harmadik sz\u00fclessen \u2013 valami \u00faj. Nem csak tisztelg\u00e9s k\u00e9t ikon el\u0151tt, hanem egyfajta vizu\u00e1lis p\u00e1rbesz\u00e9d is arr\u00f3l, hogyan lehet az \u00f6nazonoss\u00e1got \u00e9s a kreat\u00edv szabads\u00e1got egyszerre meg\u00e9lni.<\/p>\n<p>[\/et_pb_text][et_pb_text _builder_version=&#8221;4.26.0&#8243; _module_preset=&#8221;default&#8221; global_colors_info=&#8221;{}&#8221;]<\/p>\n<h3 class=\"p1\">Hogyan jellemezn\u00e9d a m\u0171v\u00e9szi st\u00edlusodat?<\/h3>\n<p>[\/et_pb_text][et_pb_text _builder_version=&#8221;4.27.4&#8243; _module_preset=&#8221;default&#8221; global_colors_info=&#8221;{}&#8221;]<\/p>\n<p class=\"p1\">Az alkot\u00f3i st\u00edlusom egyfajta vizu\u00e1lis pszichodr\u00e1ma \u2013 keveredik benne a street art szabads\u00e1ga, az eklektikus t\u00falz\u00e1s, a sz\u00fcrrealizmus \u00e1lomszer\u0171s\u00e9ge \u00e9s a bels\u0151 vil\u00e1g boncolgat\u00e1s\u00e1nak \u0151szintes\u00e9ge. Olyan k\u00e9peket alkotok, amelyek els\u0151 pillant\u00e1sra ak\u00e1r j\u00e1t\u00e9kosnak vagy t\u00falz\u00f3nak is t\u0171nhetnek, de ha m\u00e9lyebbre n\u00e9z\u00fcnk, r\u00e9tegek t\u00e1rulnak fel: elfojtott \u00e9rz\u00e9sek, k\u00e9rd\u00e9sek, kimondatlan t\u00f6rt\u00e9netek.<span class=\"s1\"> <br \/><\/span><\/p>\n<p>[\/et_pb_text][et_pb_image src=&#8221;https:\/\/urbanmuveszet.hu\/wp-content\/uploads\/2025\/04\/Jamayk.ART-1.jpeg&#8221; align=&#8221;center&#8221; _builder_version=&#8221;4.27.4&#8243; _module_preset=&#8221;default&#8221; width=&#8221;80%&#8221; width_tablet=&#8221;&#8221; width_phone=&#8221;100%&#8221; width_last_edited=&#8221;on|desktop&#8221; border_radii=&#8221;on|10px|10px|10px|10px&#8221; border_radii_phone=&#8221;on|10px|10px|10px|10px&#8221; border_radii_last_edited=&#8221;off|phone&#8221; global_colors_info=&#8221;{}&#8221;][\/et_pb_image][et_pb_image src=&#8221;https:\/\/urbanmuveszet.hu\/wp-content\/uploads\/2025\/04\/Jamayk.ART-18.jpeg&#8221; align=&#8221;center&#8221; _builder_version=&#8221;4.27.4&#8243; _module_preset=&#8221;default&#8221; width=&#8221;100%&#8221; width_phone=&#8221;100%&#8221; width_last_edited=&#8221;off|desktop&#8221; border_radii=&#8221;on|10px|10px|10px|10px&#8221; border_radii_phone=&#8221;on|10px|10px|10px|10px&#8221; border_radii_last_edited=&#8221;off|phone&#8221; global_colors_info=&#8221;{}&#8221;][\/et_pb_image][et_pb_text _builder_version=&#8221;4.27.4&#8243; _module_preset=&#8221;default&#8221; global_colors_info=&#8221;{}&#8221;]<\/p>\n<p class=\"p1\">Er\u0151sen dolgozom szimb\u00f3lumokkal \u2013 sokszor saj\u00e1t, visszat\u00e9r\u0151 mot\u00edvumokat haszn\u00e1lok, amelyek egy-egy bels\u0151 \u00e1llapotot vagy pszich\u00e9s folyamatot jelk\u00e9peznek. A sz\u00ednek n\u00e1lam nem d\u00edsz\u00edtik, hanem feler\u0151s\u00edtik az \u00e9rzelmi t\u00f6ltetet. A kontrasztok nemcsak a vizualit\u00e1sban, hanem a tartalomban is jelen vannak: esend\u0151s\u00e9g \u00e9s er\u0151, k\u00e1osz \u00e9s rend, f\u00e1jdalom \u00e9s felszabadul\u00e1s.<span class=\"s1\"><\/span><\/p>\n<p>[\/et_pb_text][et_pb_image src=&#8221;https:\/\/urbanmuveszet.hu\/wp-content\/uploads\/2025\/04\/Jamayk.ART-13.jpg&#8221; alt=&#8221;Jamayk.ART&#8221; align=&#8221;center&#8221; _builder_version=&#8221;4.27.4&#8243; _module_preset=&#8221;default&#8221; width=&#8221;100%&#8221; width_phone=&#8221;100%&#8221; width_last_edited=&#8221;off|desktop&#8221; border_radii=&#8221;on|10px|10px|10px|10px&#8221; border_radii_phone=&#8221;on|10px|10px|10px|10px&#8221; border_radii_last_edited=&#8221;off|phone&#8221; global_colors_info=&#8221;{}&#8221;][\/et_pb_image][et_pb_text _builder_version=&#8221;4.27.4&#8243; _module_preset=&#8221;default&#8221; global_colors_info=&#8221;{}&#8221;]<\/p>\n<p class=\"p1\">Szeretek ismert karaktereket, ikonokat, festm\u00e9nyeket \u00faj kontextusba helyezni \u2013 mintha ter\u00e1pi\u00e1s szerepj\u00e1t\u00e9kot j\u00e1tszan\u00e9k vel\u00fck, ahol m\u00e1s szemsz\u00f6gb\u0151l n\u00e9zhetj\u00fck meg ugyanazt az alakot. Az \u00e9n st\u00edlusomban a m\u0171v\u00e9szet nem csak l\u00e1tv\u00e1ny, hanem bels\u0151 utaz\u00e1s.<\/p>\n<p>[\/et_pb_text][et_pb_image src=&#8221;https:\/\/urbanmuveszet.hu\/wp-content\/uploads\/2025\/04\/Jamayk.ART-20-scaled.jpg&#8221; align=&#8221;center&#8221; _builder_version=&#8221;4.27.4&#8243; _module_preset=&#8221;default&#8221; width=&#8221;60%&#8221; width_tablet=&#8221;&#8221; width_phone=&#8221;100%&#8221; width_last_edited=&#8221;on|desktop&#8221; border_radii=&#8221;on|10px|10px|10px|10px&#8221; border_radii_phone=&#8221;on|10px|10px|10px|10px&#8221; border_radii_last_edited=&#8221;off|phone&#8221; global_colors_info=&#8221;{}&#8221;][\/et_pb_image][et_pb_text _builder_version=&#8221;4.27.4&#8243; _module_preset=&#8221;default&#8221; global_colors_info=&#8221;{}&#8221;]<\/p>\n<h3 class=\"p1\">Mi inspir\u00e1l t\u00e9ged az alkot\u00e1sra?<span class=\"s1\"><b> <br \/><\/b><\/span><\/h3>\n<p>[\/et_pb_text][et_pb_text _builder_version=&#8221;4.27.4&#8243; _module_preset=&#8221;default&#8221; global_colors_info=&#8221;{}&#8221;]<\/p>\n<p class=\"p1\">Nagyon sok hat\u00e1s \u00e9r az \u00e9let k\u00fcl\u00f6nb\u00f6z\u0151 ter\u00fcleteir\u0151l, de legink\u00e1bb az emberi l\u00e9lek m\u00e9lys\u00e9gei inspir\u00e1lnak. A k\u00e9peim gyakran ezeknek a bels\u0151 k\u00e9peknek, tudattalan r\u00e9tegeknek a lenyomatai. Inspir\u00e1lnak olyan m\u0171v\u00e9szek is, akik k\u00e9pesek m\u00e9ly \u00e9rzelmi tartalmakat vizu\u00e1lisan megjelen\u00edteni \u2013 legyen az klasszikus fest\u00e9szet vagy kort\u00e1rs street art.<span class=\"s1\"> <br \/><\/span><\/p>\n<p>[\/et_pb_text][et_pb_text _builder_version=&#8221;4.27.4&#8243; _module_preset=&#8221;default&#8221; global_colors_info=&#8221;{}&#8221;]<\/p>\n<h3 class=\"p1\">Milyen \u00fczeneteket k\u00f6zvet\u00edtesz a munk\u00e1iddal?<\/h3>\n<p>[\/et_pb_text][et_pb_text _builder_version=&#8221;4.27.4&#8243; _module_preset=&#8221;default&#8221; global_colors_info=&#8221;{}&#8221;]<\/p>\n<p class=\"p1\">Minden k\u00e9pem egy bels\u0151 utaz\u00e1s lenyomata. Sokszor egy \u00e9rz\u00e9s, egy meg nem fogalmazott fesz\u00fclts\u00e9g vagy eml\u00e9k az, ami elind\u00edtja a folyamatot. Az alkot\u00e1s sz\u00e1momra nem tudatos tervez\u00e9s, ink\u00e1bb lass\u00fa bontakoz\u00e1s. Olyan, mintha a k\u00e9p vezetne engem \u2013 nem \u00e9n \u0151t. Ez a folyamat gyakran katartikus, de nem mindig k\u00f6nny\u0171. A v\u00e9geredm\u00e9ny sokszor engem is meglep, mert t\u00f6bbet \u00e1rul el a lelki\u00e1llapotomr\u00f3l, mint amit addig tudatos\u00edtottam magamban.<span class=\"s1\"> <br \/><\/span><\/p>\n<p>[\/et_pb_text][difl_imagegallery image_size=&#8221;original&#8221; image_to_display=&#8221;2&#8243; _builder_version=&#8221;4.27.4&#8243; _module_preset=&#8221;default&#8221; global_colors_info=&#8221;{}&#8221;][difl_imagegalleryitem gallery_ids=&#8221;4411983,4411984&#8243; _builder_version=&#8221;4.27.4&#8243; _module_preset=&#8221;default&#8221; global_colors_info=&#8221;{}&#8221;][\/difl_imagegalleryitem][\/difl_imagegallery][et_pb_text _builder_version=&#8221;4.26.0&#8243; _module_preset=&#8221;default&#8221; global_colors_info=&#8221;{}&#8221;]<\/p>\n<h3 class=\"p1\">Mit gondolsz, az emberek hogyan viszonyulnak a grafik\u00e1idhoz?<\/h3>\n<p>[\/et_pb_text][et_pb_text _builder_version=&#8221;4.27.4&#8243; _module_preset=&#8221;default&#8221; global_colors_info=&#8221;{}&#8221;]<\/p>\n<p class=\"p1\">\u00dagy \u00e9rzem, a k\u00e9peim sokszor t\u00fckr\u00f6t tartanak \u2013 nem mindig sim\u00e1t \u00e9s kedveset, hanem torz\u00edtottat, bels\u0151t, olyat, amihez b\u00e1tors\u00e1g kell. Az emberek gyakran intuit\u00edven reag\u00e1lnak r\u00e1juk: van, akit meg\u00e9rintenek, mert felismer benne valamit, amit tal\u00e1n m\u00e9g mag\u00e1nak sem mert kimondani; van, akit felkavarnak, mert szembes\u00edtenek valamivel, amit elnyomott; \u00e9s olyan is van, akinek egyszer\u0171en csak tetszik a st\u00edlus, a sz\u00ednek vagy az \u00fczenet, an\u00e9lk\u00fcl hogy tudatosulna, mi\u00e9rt. \u00c9s ez mind rendben van.<span class=\"s1\"><br \/><\/span><\/p>\n<p>[\/et_pb_text][et_pb_code _builder_version=&#8221;4.24.0&#8243; _module_preset=&#8221;default&#8221; global_colors_info=&#8221;{}&#8221;][\/et_pb_code][et_pb_image src=&#8221;https:\/\/urbanmuveszet.hu\/wp-content\/uploads\/2025\/04\/Jamayk.ART-15.jpg&#8221; alt=&#8221;Jamayk.ART&#8221; align=&#8221;center&#8221; _builder_version=&#8221;4.27.4&#8243; _module_preset=&#8221;default&#8221; width=&#8221;70%&#8221; width_tablet=&#8221;&#8221; width_phone=&#8221;100%&#8221; width_last_edited=&#8221;on|desktop&#8221; border_radii=&#8221;on|10px|10px|10px|10px&#8221; border_radii_phone=&#8221;on|10px|10px|10px|10px&#8221; border_radii_last_edited=&#8221;off|phone&#8221; global_colors_info=&#8221;{}&#8221;][\/et_pb_image][et_pb_image src=&#8221;https:\/\/urbanmuveszet.hu\/wp-content\/uploads\/2025\/04\/Jamayk.ART-6.jpg&#8221; align=&#8221;center&#8221; _builder_version=&#8221;4.27.4&#8243; _module_preset=&#8221;default&#8221; width=&#8221;80%&#8221; width_tablet=&#8221;&#8221; width_phone=&#8221;100%&#8221; width_last_edited=&#8221;on|desktop&#8221; border_radii=&#8221;on|10px|10px|10px|10px&#8221; border_radii_phone=&#8221;on|10px|10px|10px|10px&#8221; border_radii_last_edited=&#8221;off|phone&#8221; global_colors_info=&#8221;{}&#8221;][\/et_pb_image][et_pb_text _builder_version=&#8221;4.26.0&#8243; _module_preset=&#8221;default&#8221; global_colors_info=&#8221;{}&#8221;]<\/p>\n<h3 class=\"p1\">Min dolgozol jelenleg, \u00e9s mik a j\u00f6v\u0151beli terveid?<\/h3>\n<p>[\/et_pb_text][et_pb_text _builder_version=&#8221;4.27.4&#8243; _module_preset=&#8221;default&#8221; global_colors_info=&#8221;{}&#8221;]<\/p>\n<p class=\"p1\">Jelenleg t\u00f6bb izgalmas megb\u00edz\u00e1son dolgozom, de ezekr\u0151l egyel\u0151re nem szeretn\u00e9k t\u00f6bbet el\u00e1rulni \u2013 hamarosan posztok form\u00e1j\u00e1ban osztom majd meg \u0151ket.<span class=\"s1\"> <\/p>\n<p><\/span>A j\u00f6v\u0151ben szeretn\u00e9m tov\u00e1bbvinni azt az ir\u00e1nyt, hogy m\u00e9g tudatosabban, m\u00e9g nyitottabban a bels\u0151 vil\u00e1g r\u00e9tegei fel\u00e9 fordulni. Emellett egyre fontosabb sz\u00e1momra, hogy a k\u00e9peim ne csak falakon vagy k\u00e9perny\u0151k\u00f6n jelenjenek meg, hanem t\u00e1rgyakon, haszn\u00e1lati fel\u00fcleteken is \u2013 mint amilyen a b\u00fator, a ruha vagy ak\u00e1r egy t\u00e1ska. \u00cdgy a m\u0171v\u00e9szet nem csup\u00e1n n\u00e9zett, hanem viselt, \u00e9rintett, \u00e9lt \u00e9lm\u00e9nny\u00e9 v\u00e1lhat.<span class=\"s1\"> <\/p>\n<p><\/span>Hosszabb t\u00e1von azt szeretn\u00e9m, ha ezek az alkot\u00e1sok nem csak dekor\u00e1ci\u00f3k\u00e9nt hatn\u00e1nak, hanem kataliz\u00e1tork\u00e9nt: gondolatokra, \u00e9rz\u00e9sekre, felismer\u00e9sekre ind\u00edtva azokat, akik tal\u00e1lkoznak vel\u00fck.<span class=\"s1\"> <br \/><\/span><\/p>\n<p>[\/et_pb_text][et_pb_text _builder_version=&#8221;4.27.4&#8243; _module_preset=&#8221;default&#8221; global_colors_info=&#8221;{}&#8221;]<\/p>\n<h3 class=\"p1\">M\u0171v\u00e9szk\u00e9nt mit \u00fczenn\u00e9l az embereknek?<\/h3>\n<p>[\/et_pb_text][et_pb_text _builder_version=&#8221;4.27.4&#8243; _module_preset=&#8221;default&#8221; global_colors_info=&#8221;{}&#8221;]<\/p>\n<p class=\"p1\">Azt \u00fczenn\u00e9m, hogy merjenek befel\u00e9 n\u00e9zni \u2013 m\u00e9g akkor is, ha amit ott tal\u00e1lnak, nem mindig sz\u00e9p vagy k\u00e9nyelmes. A bels\u0151 vil\u00e1gunk tele van eltemetett \u00e9rz\u00e9sekkel, elfojtott v\u00e1gyakkal, gyermekkori lenyomatokkal \u00e9s olyan r\u00e9tegekkel, amik csak akkor kezdenek old\u00f3dni, ha teret adunk nekik. A m\u0171v\u00e9szet sz\u00e1momra ennek a bels\u0151 t\u00e9rnek a felt\u00e9rk\u00e9pez\u00e9se \u2013 egyfajta l\u00e1mpaf\u00e9ny az \u00e1rny\u00e9kos r\u00e9szekre.<span class=\"s1\"> <\/p>\n<p><\/span>Azt hiszem, a grafik\u00e1im azokhoz sz\u00f3lnak igaz\u00e1n, akik keresnek valamit \u2013 ak\u00e1r \u00f6nmagukban, ak\u00e1r a vil\u00e1gban. Akik meg\u00e1llnak egy pillanatra, \u00e9s hajland\u00f3ak belemer\u00fclni egy r\u00e9tegzett vizu\u00e1lis vil\u00e1gba. A k\u00e9peim nem adnak direkt v\u00e1laszokat, ink\u00e1bb k\u00e9rd\u00e9seket tesznek fel \u2013 olykor csendben, m\u00e1skor ki\u00e1ltva. Sz\u00e1momra ez a val\u00f3di kapcsol\u00f3d\u00e1s: amikor egy k\u00e9p nem csak n\u00e9zhet\u0151, hanem <i>\u00e9rezhet\u0151<\/i> is. \u00c9s ha valakiben elind\u00edt egy bels\u0151 p\u00e1rbesz\u00e9det, akkor m\u00e1r megt\u00f6rt\u00e9nt a var\u00e1zslat.<\/p>\n<p>[\/et_pb_text][\/et_pb_column][\/et_pb_row][\/et_pb_section]<\/p>\n","protected":false},"excerpt":{"rendered":"<p>The artist's creative style is a kind of visual psychodrama that mixes the freedom of street art, eclectic excess, the dreamlike quality of surrealism and the honesty of dissecting the inner world. In his work he likes to put familiar characters, icons and paintings in a new context, often holding up a mirror. When he starts an inner dialogue in someone, the magic has already happened.<\/p>","protected":false},"author":5,"featured_media":4411993,"comment_status":"closed","ping_status":"open","sticky":false,"template":"","format":"standard","meta":{"_acf_changed":false,"_et_pb_use_builder":"on","_et_pb_old_content":"","_et_gb_content_width":"","iawp_total_views":315,"footnotes":""},"categories":[12],"tags":[553],"class_list":["post-4411954","post","type-post","status-publish","format-standard","has-post-thumbnail","hentry","category-interjuk","tag-jamayk-art"],"acf":[],"yoast_head":"<!-- This site is optimized with the Yoast SEO plugin v28.4 - https:\/\/yoast.com\/product\/yoast-seo-wordpress\/ -->\n<title>Jamayk.ART interj\u00fa &#8226; Urban M\u0171v\u00e9szet<\/title>\n<meta name=\"description\" content=\"A m\u0171v\u00e9sz alkot\u00f3i st\u00edlusa egyfajta vizu\u00e1lis pszichodr\u00e1ma, amiben keveredik a street art szabads\u00e1ga, az eklektikus t\u00falz\u00e1s, a sz\u00fcrrealizmus...\" \/>\n<meta name=\"robots\" content=\"index, follow, max-snippet:-1, max-image-preview:large, max-video-preview:-1\" \/>\n<link rel=\"canonical\" href=\"https:\/\/urbanmuveszet.hu\/en\/jamayk-art-interju\/\" \/>\n<meta property=\"og:locale\" content=\"en_GB\" \/>\n<meta property=\"og:type\" content=\"article\" \/>\n<meta property=\"og:title\" content=\"Jamayk.ART interj\u00fa &#8226; Urban M\u0171v\u00e9szet\" \/>\n<meta property=\"og:description\" content=\"A m\u0171v\u00e9sz alkot\u00f3i st\u00edlusa egyfajta vizu\u00e1lis pszichodr\u00e1ma, amiben keveredik a street art szabads\u00e1ga, az eklektikus t\u00falz\u00e1s, a sz\u00fcrrealizmus...\" \/>\n<meta property=\"og:url\" content=\"https:\/\/urbanmuveszet.hu\/en\/jamayk-art-interju\/\" \/>\n<meta property=\"og:site_name\" content=\"Urban M\u0171v\u00e9szet\" \/>\n<meta property=\"article:publisher\" content=\"https:\/\/www.facebook.com\/urbanmuveszet\" \/>\n<meta property=\"article:published_time\" content=\"2025-04-10T14:33:35+00:00\" \/>\n<meta property=\"article:modified_time\" content=\"2025-11-09T17:08:36+00:00\" \/>\n<meta property=\"og:image\" content=\"https:\/\/urbanmuveszet.hu\/wp-content\/uploads\/2025\/04\/Jamayk.ART-boritoke-2-1.jpg\" \/>\n\t<meta property=\"og:image:width\" content=\"2160\" \/>\n\t<meta property=\"og:image:height\" content=\"1620\" \/>\n\t<meta property=\"og:image:type\" content=\"image\/jpeg\" \/>\n<meta name=\"author\" content=\"Gyuris Csabi\" \/>\n<meta name=\"twitter:card\" content=\"summary_large_image\" \/>\n<meta name=\"twitter:image\" content=\"https:\/\/urbanmuveszet.hu\/wp-content\/uploads\/2025\/04\/Jamayk.ART-boritoke-2-1.jpg\" \/>\n<meta name=\"twitter:creator\" content=\"@urbanmuveszet\" \/>\n<meta name=\"twitter:site\" content=\"@urbanmuveszet\" \/>\n<meta name=\"twitter:label1\" content=\"Written by\" \/>\n\t<meta name=\"twitter:data1\" content=\"Gyuris Csabi\" \/>\n\t<meta name=\"twitter:label2\" content=\"Estimated reading time\" \/>\n\t<meta name=\"twitter:data2\" content=\"10 minutes\" \/>\n<script type=\"application\/ld+json\" class=\"yoast-schema-graph\">{\"@context\":\"https:\\\/\\\/schema.org\",\"@graph\":[{\"@type\":\"Article\",\"@id\":\"https:\\\/\\\/urbanmuveszet.hu\\\/jamayk-art-interju\\\/#article\",\"isPartOf\":{\"@id\":\"https:\\\/\\\/urbanmuveszet.hu\\\/jamayk-art-interju\\\/\"},\"author\":{\"name\":\"Gyuris Csabi\",\"@id\":\"https:\\\/\\\/urbanmuveszet.hu\\\/#\\\/schema\\\/person\\\/353833f1611c99659dfe053950e14f1a\"},\"headline\":\"Jamayk.ART interj\u00fa\",\"datePublished\":\"2025-04-10T14:33:35+00:00\",\"dateModified\":\"2025-11-09T17:08:36+00:00\",\"mainEntityOfPage\":{\"@id\":\"https:\\\/\\\/urbanmuveszet.hu\\\/jamayk-art-interju\\\/\"},\"wordCount\":2925,\"publisher\":{\"@id\":\"https:\\\/\\\/urbanmuveszet.hu\\\/#organization\"},\"image\":{\"@id\":\"https:\\\/\\\/urbanmuveszet.hu\\\/jamayk-art-interju\\\/#primaryimage\"},\"thumbnailUrl\":\"https:\\\/\\\/urbanmuveszet.hu\\\/wp-content\\\/uploads\\\/2025\\\/04\\\/Jamayk.ART-boritoke-2-1.jpg\",\"keywords\":[\"#Jamayk.ART\"],\"articleSection\":[\"Interj\u00fak\"],\"inLanguage\":\"en-GB\"},{\"@type\":\"WebPage\",\"@id\":\"https:\\\/\\\/urbanmuveszet.hu\\\/jamayk-art-interju\\\/\",\"url\":\"https:\\\/\\\/urbanmuveszet.hu\\\/jamayk-art-interju\\\/\",\"name\":\"Jamayk.ART interj\u00fa &#8226; Urban M\u0171v\u00e9szet\",\"isPartOf\":{\"@id\":\"https:\\\/\\\/urbanmuveszet.hu\\\/#website\"},\"primaryImageOfPage\":{\"@id\":\"https:\\\/\\\/urbanmuveszet.hu\\\/jamayk-art-interju\\\/#primaryimage\"},\"image\":{\"@id\":\"https:\\\/\\\/urbanmuveszet.hu\\\/jamayk-art-interju\\\/#primaryimage\"},\"thumbnailUrl\":\"https:\\\/\\\/urbanmuveszet.hu\\\/wp-content\\\/uploads\\\/2025\\\/04\\\/Jamayk.ART-boritoke-2-1.jpg\",\"datePublished\":\"2025-04-10T14:33:35+00:00\",\"dateModified\":\"2025-11-09T17:08:36+00:00\",\"description\":\"A m\u0171v\u00e9sz alkot\u00f3i st\u00edlusa egyfajta vizu\u00e1lis pszichodr\u00e1ma, amiben keveredik a street art szabads\u00e1ga, az eklektikus t\u00falz\u00e1s, a sz\u00fcrrealizmus...\",\"breadcrumb\":{\"@id\":\"https:\\\/\\\/urbanmuveszet.hu\\\/jamayk-art-interju\\\/#breadcrumb\"},\"inLanguage\":\"en-GB\",\"potentialAction\":[{\"@type\":\"ReadAction\",\"target\":[\"https:\\\/\\\/urbanmuveszet.hu\\\/jamayk-art-interju\\\/\"]}]},{\"@type\":\"ImageObject\",\"inLanguage\":\"en-GB\",\"@id\":\"https:\\\/\\\/urbanmuveszet.hu\\\/jamayk-art-interju\\\/#primaryimage\",\"url\":\"https:\\\/\\\/urbanmuveszet.hu\\\/wp-content\\\/uploads\\\/2025\\\/04\\\/Jamayk.ART-boritoke-2-1.jpg\",\"contentUrl\":\"https:\\\/\\\/urbanmuveszet.hu\\\/wp-content\\\/uploads\\\/2025\\\/04\\\/Jamayk.ART-boritoke-2-1.jpg\",\"width\":2160,\"height\":1620},{\"@type\":\"BreadcrumbList\",\"@id\":\"https:\\\/\\\/urbanmuveszet.hu\\\/jamayk-art-interju\\\/#breadcrumb\",\"itemListElement\":[{\"@type\":\"ListItem\",\"position\":1,\"name\":\"Home\",\"item\":\"https:\\\/\\\/urbanmuveszet.hu\\\/\"},{\"@type\":\"ListItem\",\"position\":2,\"name\":\"Jamayk.ART interj\u00fa\"}]},{\"@type\":\"WebSite\",\"@id\":\"https:\\\/\\\/urbanmuveszet.hu\\\/#website\",\"url\":\"https:\\\/\\\/urbanmuveszet.hu\\\/\",\"name\":\"Urban M\u0171v\u00e9szet\",\"description\":\"\ud83d\udca5 \u00dajgener\u00e1ci\u00f3s Szellemi Alkot\u00e1sok\",\"publisher\":{\"@id\":\"https:\\\/\\\/urbanmuveszet.hu\\\/#organization\"},\"alternateName\":\"UM\",\"potentialAction\":[{\"@type\":\"SearchAction\",\"target\":{\"@type\":\"EntryPoint\",\"urlTemplate\":\"https:\\\/\\\/urbanmuveszet.hu\\\/?s={search_term_string}\"},\"query-input\":{\"@type\":\"PropertyValueSpecification\",\"valueRequired\":true,\"valueName\":\"search_term_string\"}}],\"inLanguage\":\"en-GB\"},{\"@type\":\"Organization\",\"@id\":\"https:\\\/\\\/urbanmuveszet.hu\\\/#organization\",\"name\":\"Urban M\u0171v\u00e9szet\",\"alternateName\":\"UM\",\"url\":\"https:\\\/\\\/urbanmuveszet.hu\\\/\",\"logo\":{\"@type\":\"ImageObject\",\"inLanguage\":\"en-GB\",\"@id\":\"https:\\\/\\\/urbanmuveszet.hu\\\/#\\\/schema\\\/logo\\\/image\\\/\",\"url\":\"https:\\\/\\\/urbanmuveszet.hu\\\/wp-content\\\/uploads\\\/2022\\\/12\\\/UM-kor-logo.webp\",\"contentUrl\":\"https:\\\/\\\/urbanmuveszet.hu\\\/wp-content\\\/uploads\\\/2022\\\/12\\\/UM-kor-logo.webp\",\"width\":500,\"height\":500,\"caption\":\"Urban M\u0171v\u00e9szet\"},\"image\":{\"@id\":\"https:\\\/\\\/urbanmuveszet.hu\\\/#\\\/schema\\\/logo\\\/image\\\/\"},\"sameAs\":[\"https:\\\/\\\/www.facebook.com\\\/urbanmuveszet\",\"https:\\\/\\\/x.com\\\/urbanmuveszet\",\"https:\\\/\\\/www.instagram.com\\\/urbanmuveszet\\\/\"]},{\"@type\":\"Person\",\"@id\":\"https:\\\/\\\/urbanmuveszet.hu\\\/#\\\/schema\\\/person\\\/353833f1611c99659dfe053950e14f1a\",\"name\":\"Gyuris Csabi\",\"image\":{\"@type\":\"ImageObject\",\"inLanguage\":\"en-GB\",\"@id\":\"https:\\\/\\\/urbanmuveszet.hu\\\/wp-content\\\/uploads\\\/2022\\\/04\\\/F23DEB2B-0687-4029-8D0D-8780CD8D6B92_1_201_a-150x150.jpeg\",\"url\":\"https:\\\/\\\/urbanmuveszet.hu\\\/wp-content\\\/uploads\\\/2022\\\/04\\\/F23DEB2B-0687-4029-8D0D-8780CD8D6B92_1_201_a-150x150.jpeg\",\"contentUrl\":\"https:\\\/\\\/urbanmuveszet.hu\\\/wp-content\\\/uploads\\\/2022\\\/04\\\/F23DEB2B-0687-4029-8D0D-8780CD8D6B92_1_201_a-150x150.jpeg\",\"caption\":\"Gyuris Csabi\"},\"description\":\"\u00dagy gondolom, hogy k\u00f6z\u00f6ss\u00e9g\u00fcnk kollekt\u00edv szellemis\u00e9g\u00e9t, aminek ereje \u00e9s hangja van, m\u00e9lt\u00f3 m\u00f3don kell prezent\u00e1lni a nagyk\u00f6z\u00f6ns\u00e9g sz\u00e1m\u00e1ra.\",\"url\":\"https:\\\/\\\/urbanmuveszet.hu\\\/en\\\/szerzo\\\/csabi\\\/\"}]}<\/script>\n<!-- \/ Yoast SEO plugin. -->","yoast_head_json":{"title":"Jamayk.ART interj\u00fa &#8226; Urban M\u0171v\u00e9szet","description":"A m\u0171v\u00e9sz alkot\u00f3i st\u00edlusa egyfajta vizu\u00e1lis pszichodr\u00e1ma, amiben keveredik a street art szabads\u00e1ga, az eklektikus t\u00falz\u00e1s, a sz\u00fcrrealizmus...","robots":{"index":"index","follow":"follow","max-snippet":"max-snippet:-1","max-image-preview":"max-image-preview:large","max-video-preview":"max-video-preview:-1"},"canonical":"https:\/\/urbanmuveszet.hu\/en\/jamayk-art-interju\/","og_locale":"en_GB","og_type":"article","og_title":"Jamayk.ART interj\u00fa &#8226; Urban M\u0171v\u00e9szet","og_description":"A m\u0171v\u00e9sz alkot\u00f3i st\u00edlusa egyfajta vizu\u00e1lis pszichodr\u00e1ma, amiben keveredik a street art szabads\u00e1ga, az eklektikus t\u00falz\u00e1s, a sz\u00fcrrealizmus...","og_url":"https:\/\/urbanmuveszet.hu\/en\/jamayk-art-interju\/","og_site_name":"Urban M\u0171v\u00e9szet","article_publisher":"https:\/\/www.facebook.com\/urbanmuveszet","article_published_time":"2025-04-10T14:33:35+00:00","article_modified_time":"2025-11-09T17:08:36+00:00","og_image":[{"width":2160,"height":1620,"url":"https:\/\/urbanmuveszet.hu\/wp-content\/uploads\/2025\/04\/Jamayk.ART-boritoke-2-1.jpg","type":"image\/jpeg"}],"author":"Gyuris Csabi","twitter_card":"summary_large_image","twitter_image":"https:\/\/urbanmuveszet.hu\/wp-content\/uploads\/2025\/04\/Jamayk.ART-boritoke-2-1.jpg","twitter_creator":"@urbanmuveszet","twitter_site":"@urbanmuveszet","twitter_misc":{"Written by":"Gyuris Csabi","Estimated reading time":"10 minutes"},"schema":{"@context":"https:\/\/schema.org","@graph":[{"@type":"Article","@id":"https:\/\/urbanmuveszet.hu\/jamayk-art-interju\/#article","isPartOf":{"@id":"https:\/\/urbanmuveszet.hu\/jamayk-art-interju\/"},"author":{"name":"Gyuris Csabi","@id":"https:\/\/urbanmuveszet.hu\/#\/schema\/person\/353833f1611c99659dfe053950e14f1a"},"headline":"Jamayk.ART interj\u00fa","datePublished":"2025-04-10T14:33:35+00:00","dateModified":"2025-11-09T17:08:36+00:00","mainEntityOfPage":{"@id":"https:\/\/urbanmuveszet.hu\/jamayk-art-interju\/"},"wordCount":2925,"publisher":{"@id":"https:\/\/urbanmuveszet.hu\/#organization"},"image":{"@id":"https:\/\/urbanmuveszet.hu\/jamayk-art-interju\/#primaryimage"},"thumbnailUrl":"https:\/\/urbanmuveszet.hu\/wp-content\/uploads\/2025\/04\/Jamayk.ART-boritoke-2-1.jpg","keywords":["#Jamayk.ART"],"articleSection":["Interj\u00fak"],"inLanguage":"en-GB"},{"@type":"WebPage","@id":"https:\/\/urbanmuveszet.hu\/jamayk-art-interju\/","url":"https:\/\/urbanmuveszet.hu\/jamayk-art-interju\/","name":"Jamayk.ART interj\u00fa &#8226; Urban M\u0171v\u00e9szet","isPartOf":{"@id":"https:\/\/urbanmuveszet.hu\/#website"},"primaryImageOfPage":{"@id":"https:\/\/urbanmuveszet.hu\/jamayk-art-interju\/#primaryimage"},"image":{"@id":"https:\/\/urbanmuveszet.hu\/jamayk-art-interju\/#primaryimage"},"thumbnailUrl":"https:\/\/urbanmuveszet.hu\/wp-content\/uploads\/2025\/04\/Jamayk.ART-boritoke-2-1.jpg","datePublished":"2025-04-10T14:33:35+00:00","dateModified":"2025-11-09T17:08:36+00:00","description":"A m\u0171v\u00e9sz alkot\u00f3i st\u00edlusa egyfajta vizu\u00e1lis pszichodr\u00e1ma, amiben keveredik a street art szabads\u00e1ga, az eklektikus t\u00falz\u00e1s, a sz\u00fcrrealizmus...","breadcrumb":{"@id":"https:\/\/urbanmuveszet.hu\/jamayk-art-interju\/#breadcrumb"},"inLanguage":"en-GB","potentialAction":[{"@type":"ReadAction","target":["https:\/\/urbanmuveszet.hu\/jamayk-art-interju\/"]}]},{"@type":"ImageObject","inLanguage":"en-GB","@id":"https:\/\/urbanmuveszet.hu\/jamayk-art-interju\/#primaryimage","url":"https:\/\/urbanmuveszet.hu\/wp-content\/uploads\/2025\/04\/Jamayk.ART-boritoke-2-1.jpg","contentUrl":"https:\/\/urbanmuveszet.hu\/wp-content\/uploads\/2025\/04\/Jamayk.ART-boritoke-2-1.jpg","width":2160,"height":1620},{"@type":"BreadcrumbList","@id":"https:\/\/urbanmuveszet.hu\/jamayk-art-interju\/#breadcrumb","itemListElement":[{"@type":"ListItem","position":1,"name":"Home","item":"https:\/\/urbanmuveszet.hu\/"},{"@type":"ListItem","position":2,"name":"Jamayk.ART interj\u00fa"}]},{"@type":"WebSite","@id":"https:\/\/urbanmuveszet.hu\/#website","url":"https:\/\/urbanmuveszet.hu\/","name":"Urban Art","description":"\ud83d\udca5 \u00dajgener\u00e1ci\u00f3s Szellemi Alkot\u00e1sok","publisher":{"@id":"https:\/\/urbanmuveszet.hu\/#organization"},"alternateName":"UM","potentialAction":[{"@type":"SearchAction","target":{"@type":"EntryPoint","urlTemplate":"https:\/\/urbanmuveszet.hu\/?s={search_term_string}"},"query-input":{"@type":"PropertyValueSpecification","valueRequired":true,"valueName":"search_term_string"}}],"inLanguage":"en-GB"},{"@type":"Organization","@id":"https:\/\/urbanmuveszet.hu\/#organization","name":"Urban Art","alternateName":"UM","url":"https:\/\/urbanmuveszet.hu\/","logo":{"@type":"ImageObject","inLanguage":"en-GB","@id":"https:\/\/urbanmuveszet.hu\/#\/schema\/logo\/image\/","url":"https:\/\/urbanmuveszet.hu\/wp-content\/uploads\/2022\/12\/UM-kor-logo.webp","contentUrl":"https:\/\/urbanmuveszet.hu\/wp-content\/uploads\/2022\/12\/UM-kor-logo.webp","width":500,"height":500,"caption":"Urban M\u0171v\u00e9szet"},"image":{"@id":"https:\/\/urbanmuveszet.hu\/#\/schema\/logo\/image\/"},"sameAs":["https:\/\/www.facebook.com\/urbanmuveszet","https:\/\/x.com\/urbanmuveszet","https:\/\/www.instagram.com\/urbanmuveszet\/"]},{"@type":"Person","@id":"https:\/\/urbanmuveszet.hu\/#\/schema\/person\/353833f1611c99659dfe053950e14f1a","name":"Csabi Gyuris","image":{"@type":"ImageObject","inLanguage":"en-GB","@id":"https:\/\/urbanmuveszet.hu\/wp-content\/uploads\/2022\/04\/F23DEB2B-0687-4029-8D0D-8780CD8D6B92_1_201_a-150x150.jpeg","url":"https:\/\/urbanmuveszet.hu\/wp-content\/uploads\/2022\/04\/F23DEB2B-0687-4029-8D0D-8780CD8D6B92_1_201_a-150x150.jpeg","contentUrl":"https:\/\/urbanmuveszet.hu\/wp-content\/uploads\/2022\/04\/F23DEB2B-0687-4029-8D0D-8780CD8D6B92_1_201_a-150x150.jpeg","caption":"Gyuris Csabi"},"description":"I believe that the collective spirit of our community, which has power and voice, should be presented to the general public in a dignified manner.","url":"https:\/\/urbanmuveszet.hu\/en\/szerzo\/csabi\/"}]}},"_links":{"self":[{"href":"https:\/\/urbanmuveszet.hu\/en\/wp-json\/wp\/v2\/posts\/4411954","targetHints":{"allow":["GET"]}}],"collection":[{"href":"https:\/\/urbanmuveszet.hu\/en\/wp-json\/wp\/v2\/posts"}],"about":[{"href":"https:\/\/urbanmuveszet.hu\/en\/wp-json\/wp\/v2\/types\/post"}],"author":[{"embeddable":true,"href":"https:\/\/urbanmuveszet.hu\/en\/wp-json\/wp\/v2\/users\/5"}],"replies":[{"embeddable":true,"href":"https:\/\/urbanmuveszet.hu\/en\/wp-json\/wp\/v2\/comments?post=4411954"}],"version-history":[{"count":1,"href":"https:\/\/urbanmuveszet.hu\/en\/wp-json\/wp\/v2\/posts\/4411954\/revisions"}],"predecessor-version":[{"id":4415615,"href":"https:\/\/urbanmuveszet.hu\/en\/wp-json\/wp\/v2\/posts\/4411954\/revisions\/4415615"}],"wp:featuredmedia":[{"embeddable":true,"href":"https:\/\/urbanmuveszet.hu\/en\/wp-json\/wp\/v2\/media\/4411993"}],"wp:attachment":[{"href":"https:\/\/urbanmuveszet.hu\/en\/wp-json\/wp\/v2\/media?parent=4411954"}],"wp:term":[{"taxonomy":"category","embeddable":true,"href":"https:\/\/urbanmuveszet.hu\/en\/wp-json\/wp\/v2\/categories?post=4411954"},{"taxonomy":"post_tag","embeddable":true,"href":"https:\/\/urbanmuveszet.hu\/en\/wp-json\/wp\/v2\/tags?post=4411954"}],"curies":[{"name":"wp","href":"https:\/\/api.w.org\/{rel}","templated":true}]}}