{"id":4411532,"date":"2024-12-23T16:21:51","date_gmt":"2024-12-23T15:21:51","guid":{"rendered":"https:\/\/teszt.urbanmuveszet.hu\/?p=4411532"},"modified":"2025-11-09T18:08:37","modified_gmt":"2025-11-09T17:08:37","slug":"it-belongs-in-a-museum-0036-mark","status":"publish","type":"post","link":"https:\/\/urbanmuveszet.hu\/en\/it-belongs-in-a-museum-0036-mark\/","title":{"rendered":"It belongs in a museum &#8211;\u00a00036 Mark"},"content":{"rendered":"<p>[et_pb_section fb_built=&#8221;1&#8243; admin_label=&#8221;section&#8221; _builder_version=&#8221;4.19.4&#8243; background_color=&#8221;#141719&#8243; da_disable_devices=&#8221;off|off|off&#8221; global_colors_info=&#8221;{}&#8221; da_is_popup=&#8221;off&#8221; da_exit_intent=&#8221;off&#8221; da_has_close=&#8221;on&#8221; da_alt_close=&#8221;off&#8221; da_dark_close=&#8221;off&#8221; da_not_modal=&#8221;on&#8221; da_is_singular=&#8221;off&#8221; da_with_loader=&#8221;off&#8221; da_has_shadow=&#8221;on&#8221;][et_pb_row admin_label=&#8221;row&#8221; _builder_version=&#8221;4.16&#8243; background_size=&#8221;initial&#8221; background_position=&#8221;top_left&#8221; background_repeat=&#8221;repeat&#8221; global_colors_info=&#8221;{}&#8221;][et_pb_column type=&#8221;4_4&#8243; _builder_version=&#8221;4.16&#8243; custom_padding=&#8221;|||&#8221; global_colors_info=&#8221;{}&#8221; custom_padding__hover=&#8221;|||&#8221;][et_pb_text _builder_version=&#8221;4.27.4&#8243; _module_preset=&#8221;default&#8221; custom_margin=&#8221;-40px||||false|false&#8221; global_colors_info=&#8221;{}&#8221;]<\/p>\n<h3 class=\"p1\">A k\u00e9pez\u0151 gal\u00e9ria leg\u00fajabb ki\u00e1ll\u00edt\u00e1sa, amelynek koncepci\u00f3ja a street art, a popkult\u00fara \u00e9s m\u0171v\u00e9szett\u00f6rt\u00e9net kapcsolat\u00e1t helyezi f\u00f3kuszba. Az anonimit\u00e1s\u00e1t \u00e9vek \u00f3ta \u0151rz\u0151 street art m\u0171v\u00e9sz el\u0151szeretettel \u00f6tv\u00f6zi a k\u00f6zkedvelt mesefigur\u00e1kat k\u00fcl\u00f6nf\u00e9le pop- \u00e9s szociokultur\u00e1lis jelens\u00e9gekkel.<\/h3>\n<p>[\/et_pb_text][et_pb_text _builder_version=&#8221;4.27.4&#8243; _module_preset=&#8221;default&#8221; global_colors_info=&#8221;{}&#8221;]<\/p>\n<p class=\"p1\"><a href=\"https:\/\/urbanmuveszet.hu\/interju-0036-mark-utcamuvesszel\/\"><strong>0036mark<\/strong><\/a> neve ismer\u0151s lehet b\u00e1rki sz\u00e1m\u00e1ra, aki tal\u00e1lkozott m\u00e1r Budapest utc\u00e1in a kultikus rendszerv\u00e1lt\u00e1s el\u0151tti magyar mesefilmek \u00e9s rajzfilmsorozatok meghat\u00e1roz\u00f3 karaktereivel. M\u0171veiben megjelenhetnek a posztmodern korszak kultikus filmjei, valamint mindenkori m\u0171v\u00e9szet- \u00e9s kult\u00fart\u00f6rt\u00e9neti referenci\u00e1k is. Az ismert mes\u00e9s karakterek persz\u00f3n\u00e1inak \u00e1talak\u00edt\u00e1sa sor\u00e1n M\u00e1rk a kritikai attit\u0171dre alapoz\u00f3 kisaj\u00e1t\u00edt\u00f3 m\u0171v\u00e9szet eszk\u00f6zeit alkalmazza.<\/p>\n<p>[\/et_pb_text][et_pb_text _builder_version=&#8221;4.27.4&#8243; _module_preset=&#8221;default&#8221; global_colors_info=&#8221;{}&#8221;]<\/p>\n<p class=\"p1\">A mesefigur\u00e1kat egyedi karakter-jegyekkel ruh\u00e1zza fel, amivel nem csak \u00fajfajta, popkultur\u00e1lis vagy m\u0171v\u00e9szett\u00f6rt\u00e9neti kontextusba helyezi \u0151ket, de egyben t\u00e1rsadalom- illetve rendszerkritikus gondolatokat is k\u00f6z\u00f6l \u00e1ltaluk. Mindezek mellett 0036mark alapvet\u0151en karakter k\u00f6lcs\u00f6nz\u00e9sre \u00e9p\u00edtkez\u0151 alkot\u00f3i folyamat\u00e1ban \u2014 a K\u00e9pez\u0151 Gal\u00e9ria misszi\u00f3j\u00e1hoz hasonl\u00f3an \u2014 k\u00f6zponti szereppel b\u00edr a klasszikus \u00e9s kort\u00e1rs m\u0171v\u00e9szeteken kereszt\u00fcl t\u00f6rt\u00e9n\u0151 tud\u00e1sk\u00f6zvet\u00edt\u00e9s.<\/p>\n<p>[\/et_pb_text][et_pb_image src=&#8221;https:\/\/urbanmuveszet.hu\/wp-content\/uploads\/2024\/12\/IT-BELONGS-IN-A-MUSEUM-0036-Mark-6.jpg&#8221; alt=&#8221;0036mark&#8221; align=&#8221;center&#8221; _builder_version=&#8221;4.27.4&#8243; _module_preset=&#8221;default&#8221; width=&#8221;80%&#8221; width_tablet=&#8221;100%&#8221; width_phone=&#8221;100%&#8221; width_last_edited=&#8221;on|desktop&#8221; border_radii=&#8221;on|10px|10px|10px|10px&#8221; border_radii_phone=&#8221;on|10px|10px|10px|10px&#8221; border_radii_last_edited=&#8221;off|phone&#8221; locked=&#8221;off&#8221; global_colors_info=&#8221;{}&#8221;][\/et_pb_image][et_pb_image src=&#8221;https:\/\/urbanmuveszet.hu\/wp-content\/uploads\/2024\/12\/IT-BELONGS-IN-A-MUSEUM-0036-Mark-1.jpg&#8221; alt=&#8221;0036mark&#8221; align=&#8221;center&#8221; _builder_version=&#8221;4.27.4&#8243; _module_preset=&#8221;default&#8221; width=&#8221;80%&#8221; width_tablet=&#8221;100%&#8221; width_phone=&#8221;100%&#8221; width_last_edited=&#8221;on|desktop&#8221; border_radii=&#8221;on|10px|10px|10px|10px&#8221; border_radii_phone=&#8221;on|10px|10px|10px|10px&#8221; border_radii_last_edited=&#8221;off|phone&#8221; locked=&#8221;off&#8221; global_colors_info=&#8221;{}&#8221;][\/et_pb_image][et_pb_image src=&#8221;https:\/\/urbanmuveszet.hu\/wp-content\/uploads\/2024\/12\/IT-BELONGS-IN-A-MUSEUM-0036-Mark-5.jpg&#8221; alt=&#8221;0036mark&#8221; align=&#8221;center&#8221; _builder_version=&#8221;4.27.4&#8243; _module_preset=&#8221;default&#8221; width=&#8221;80%&#8221; width_tablet=&#8221;100%&#8221; width_phone=&#8221;100%&#8221; width_last_edited=&#8221;on|desktop&#8221; border_radii=&#8221;on|10px|10px|10px|10px&#8221; border_radii_phone=&#8221;on|10px|10px|10px|10px&#8221; border_radii_last_edited=&#8221;off|phone&#8221; locked=&#8221;off&#8221; global_colors_info=&#8221;{}&#8221;][\/et_pb_image][et_pb_image src=&#8221;https:\/\/urbanmuveszet.hu\/wp-content\/uploads\/2024\/12\/IT-BELONGS-IN-A-MUSEUM-0036-Mark-3.jpg&#8221; align=&#8221;center&#8221; _builder_version=&#8221;4.27.4&#8243; _module_preset=&#8221;default&#8221; width=&#8221;80%&#8221; width_tablet=&#8221;100%&#8221; width_phone=&#8221;100%&#8221; width_last_edited=&#8221;on|desktop&#8221; border_radii=&#8221;on|10px|10px|10px|10px&#8221; border_radii_phone=&#8221;on|10px|10px|10px|10px&#8221; border_radii_last_edited=&#8221;off|phone&#8221; locked=&#8221;off&#8221; global_colors_info=&#8221;{}&#8221;][\/et_pb_image][et_pb_text _builder_version=&#8221;4.27.4&#8243; _module_preset=&#8221;default&#8221; global_colors_info=&#8221;{}&#8221;]<\/p>\n<blockquote>\n<p class=\"p1\">M\u00e1rk egy\u00e9ni ki\u00e1ll\u00edt\u00e1s\u00e1n bemutat\u00e1sra ker\u00fcl\u0151 alkot\u00e1saiban osztja meg vel\u00fcnk gondolatait a magasm\u0171v\u00e9szetek hozz\u00e1f\u00e9rhet\u0151s\u00e9g\u00e9r\u0151l, a \u2018popkult\u00faripar\u2019 term\u00e9keinek jelenkori relevanci\u00e1j\u00e1r\u00f3l, a m\u0171v\u00e9szett\u00f6rt\u00e9net horderej\u00e9r\u0151l, valamint a vizu\u00e1lis m\u0171v\u00e9szetekben rejl\u0151 \u00e9s kiakn\u00e1zand\u00f3 eduk\u00e1ci\u00f3s-ismeretterjeszt\u0151 potenci\u00e1lr\u00f3l. \u2013 fogalmaz a ki\u00e1ll\u00edt\u00e1s kur\u00e1tora, Kov\u00e1cs Rebeka, m\u0171v\u00e9szett\u00f6rt\u00e9n\u00e9sz.<\/p>\n<\/blockquote>\n<p>[\/et_pb_text][et_pb_image src=&#8221;https:\/\/urbanmuveszet.hu\/wp-content\/uploads\/2024\/12\/IT-BELONGS-IN-A-MUSEUM-0036-Mark-4.jpg&#8221; align=&#8221;center&#8221; _builder_version=&#8221;4.27.4&#8243; _module_preset=&#8221;default&#8221; width=&#8221;80%&#8221; width_tablet=&#8221;100%&#8221; width_phone=&#8221;100%&#8221; width_last_edited=&#8221;on|desktop&#8221; border_radii=&#8221;on|10px|10px|10px|10px&#8221; border_radii_phone=&#8221;on|10px|10px|10px|10px&#8221; border_radii_last_edited=&#8221;off|phone&#8221; locked=&#8221;off&#8221; global_colors_info=&#8221;{}&#8221;][\/et_pb_image][et_pb_text _builder_version=&#8221;4.27.4&#8243; _module_preset=&#8221;default&#8221; global_colors_info=&#8221;{}&#8221;]<\/p>\n<p class=\"p1\">Ez a ki\u00e1ll\u00edt\u00e1s az\u00e9rt is izgalmas M\u00e1rk m\u0171v\u00e9szet\u00e9t tekintve, mert sokkal jobban kidombor\u00edtja sz\u00e9lesk\u00f6r\u0171 m\u0171v\u00e9szett\u00f6rt\u00e9neti ismereteit, mint ahogy ezt az eddigi alkot\u00e1sai tett\u00e9k. \u00cdzel\u00edt\u0151k\u00e9nt mutatunk egy p\u00e9ld\u00e1t. A <i>Mag\u00e1nyos Pom Pom<\/i> c\u00edm\u0171 t\u00e1blak\u00e9p Csontv\u00e1ry Kosztka Tivadar <i>Mag\u00e1nyos c\u00e9drus<\/i> c\u00edm\u0171 festm\u00e9ny\u00e9t \u00e9s a <i>Pom Pom<\/i> rajzfilm c\u00edmszerepl\u0151j\u00e9t emeli egy k\u00e9ps\u00edkra.<\/p>\n<p>[\/et_pb_text][et_pb_image src=&#8221;https:\/\/urbanmuveszet.hu\/wp-content\/uploads\/2024\/12\/MAGANYOS-POMPOM-masolat.jpg&#8221; alt=&#8221;0036mark&#8221; align=&#8221;center&#8221; _builder_version=&#8221;4.27.4&#8243; _module_preset=&#8221;default&#8221; width=&#8221;80%&#8221; width_tablet=&#8221;100%&#8221; width_phone=&#8221;100%&#8221; width_last_edited=&#8221;on|desktop&#8221; border_radii=&#8221;on|10px|10px|10px|10px&#8221; border_radii_phone=&#8221;on|10px|10px|10px|10px&#8221; border_radii_last_edited=&#8221;off|phone&#8221; locked=&#8221;off&#8221; global_colors_info=&#8221;{}&#8221;][\/et_pb_image][et_pb_text _builder_version=&#8221;4.27.4&#8243; _module_preset=&#8221;default&#8221; global_colors_info=&#8221;{}&#8221;]<\/p>\n<p class=\"p1\">A v\u00e1lasztott k\u00e9palkot\u00f3i elj\u00e1r\u00e1s koll\u00e1zstechnika, amivel nem csak a k\u00e9t m\u0171v\u00e9szeti alkot\u00e1st \u00f6tv\u00f6zi, hanem a k\u00fcl\u00f6nb\u00f6z\u0151 pap\u00edrr\u00e9tegekkel \u00e9s fest\u00e9szeti megold\u00e1sok egym\u00e1sra helyez\u00e9s\u00e9vel mozgalmas vizu\u00e1lis egys\u00e9get teremt. Ezzel a k\u00e9ppel M\u00e1rk \u00fajdons\u00e1got mutat a street art m\u0171v\u00e9szetben, hiszen munk\u00e1i sz\u00f3 szerint elv\u00e1lnak a falt\u00f3l \u00e9s t\u00e1blak\u00e9pek form\u00e1j\u00e1ban hordozhat\u00f3v\u00e1 v\u00e1lnak, m\u00e9gis valahogy ezek az alkot\u00e1sok leemelt falelemekhez hasonl\u00edtanak, \u00edgy elmondhat\u00f3, hogy magukon viselik a m\u0171faj jellegzetess\u00e9geit. A sorozatnak tov\u00e1bbi h\u00e1rom eleme is megtekinthet\u0151 a gal\u00e9ri\u00e1ban, sok m\u00e1s 0036mark alkot\u00e1s mellett.<\/p>\n<p>[\/et_pb_text][difl_imagegallery image_size=&#8221;original&#8221; image_to_display=&#8221;2&#8243; _builder_version=&#8221;4.27.4&#8243; _module_preset=&#8221;default&#8221; locked=&#8221;off&#8221; global_colors_info=&#8221;{}&#8221;][difl_imagegalleryitem gallery_ids=&#8221;4411517,4411519&#8243; _builder_version=&#8221;4.27.4&#8243; _module_preset=&#8221;default&#8221; global_colors_info=&#8221;{}&#8221;][\/difl_imagegalleryitem][\/difl_imagegallery][et_pb_image src=&#8221;https:\/\/urbanmuveszet.hu\/wp-content\/uploads\/2024\/12\/JABBERJAW-masolat.jpg&#8221; alt=&#8221;0036mark&#8221; align=&#8221;center&#8221; _builder_version=&#8221;4.27.4&#8243; _module_preset=&#8221;default&#8221; width_tablet=&#8221;100%&#8221; width_phone=&#8221;100%&#8221; width_last_edited=&#8221;off|desktop&#8221; border_radii=&#8221;on|10px|10px|10px|10px&#8221; border_radii_phone=&#8221;on|10px|10px|10px|10px&#8221; border_radii_last_edited=&#8221;off|phone&#8221; locked=&#8221;off&#8221; global_colors_info=&#8221;{}&#8221;][\/et_pb_image][et_pb_image src=&#8221;https:\/\/urbanmuveszet.hu\/wp-content\/uploads\/2024\/12\/GYUMOLCSFALVA-LEGGAZDAGABB-LAKOJA-masolat.jpg&#8221; alt=&#8221;0036mark&#8221; align=&#8221;center&#8221; _builder_version=&#8221;4.27.4&#8243; _module_preset=&#8221;default&#8221; width=&#8221;80%&#8221; width_tablet=&#8221;100%&#8221; width_phone=&#8221;100%&#8221; width_last_edited=&#8221;on|desktop&#8221; border_radii=&#8221;on|10px|10px|10px|10px&#8221; border_radii_phone=&#8221;on|10px|10px|10px|10px&#8221; border_radii_last_edited=&#8221;off|phone&#8221; locked=&#8221;off&#8221; global_colors_info=&#8221;{}&#8221;][\/et_pb_image][et_pb_image src=&#8221;https:\/\/urbanmuveszet.hu\/wp-content\/uploads\/2024\/12\/KONZERV-VER-ALA-WARHOL-masolat.jpg&#8221; alt=&#8221;0036mark&#8221; align=&#8221;center&#8221; _builder_version=&#8221;4.27.4&#8243; _module_preset=&#8221;default&#8221; width=&#8221;70%&#8221; width_tablet=&#8221;100%&#8221; width_phone=&#8221;100%&#8221; width_last_edited=&#8221;on|desktop&#8221; border_radii=&#8221;on|10px|10px|10px|10px&#8221; border_radii_phone=&#8221;on|10px|10px|10px|10px&#8221; border_radii_last_edited=&#8221;off|phone&#8221; locked=&#8221;off&#8221; global_colors_info=&#8221;{}&#8221;][\/et_pb_image][et_pb_image src=&#8221;https:\/\/urbanmuveszet.hu\/wp-content\/uploads\/2024\/12\/IT-BELONGS-IN-A-MUSEUM-0036-Mark-2.jpg&#8221; alt=&#8221;0036mark&#8221; align=&#8221;center&#8221; _builder_version=&#8221;4.27.4&#8243; _module_preset=&#8221;default&#8221; width=&#8221;80%&#8221; width_tablet=&#8221;100%&#8221; width_phone=&#8221;100%&#8221; width_last_edited=&#8221;on|desktop&#8221; border_radii=&#8221;on|10px|10px|10px|10px&#8221; border_radii_phone=&#8221;on|10px|10px|10px|10px&#8221; border_radii_last_edited=&#8221;off|phone&#8221; locked=&#8221;off&#8221; global_colors_info=&#8221;{}&#8221;][\/et_pb_image][et_pb_text _builder_version=&#8221;4.27.4&#8243; _module_preset=&#8221;default&#8221; global_colors_info=&#8221;{}&#8221;]<\/p>\n<p class=\"p1\">A ki\u00e1ll\u00edt\u00e1s megtekinthet\u0151 2024.12.06-t\u00f3l 2025.02.07-ig a <a href=\"https:\/\/www.kepezo.hu\/it-belongs-in-a-museum\/\" target=\"_blank\" rel=\"noopener\"><strong>K\u00c9PEZ\u0150 Gal\u00e9ria<\/strong><\/a> nyitvatart\u00e1si idej\u00e9ben a Keleti K\u00e1roly utca 13\/A-ban.<\/p>\n<p>[\/et_pb_text][\/et_pb_column][\/et_pb_row][\/et_pb_section]<\/p>\n","protected":false},"excerpt":{"rendered":"<p>The k\u00e9pez\u0151 latest exhibition of the gallery, whose concept focuses on the relationship between street art, pop culture and art history. The street art artist, who has maintained his anonymity for years, prefers to combine popular fairy tale characters with various pop and socio-cultural phenomena.<\/p>","protected":false},"author":5,"featured_media":4411510,"comment_status":"closed","ping_status":"open","sticky":false,"template":"","format":"standard","meta":{"_acf_changed":false,"_et_pb_use_builder":"on","_et_pb_old_content":"","_et_gb_content_width":"","iawp_total_views":289,"footnotes":""},"categories":[86],"tags":[36,35,551],"class_list":["post-4411532","post","type-post","status-publish","format-standard","has-post-thumbnail","hentry","category-esemenyek","tag-0036-mark","tag-budapest","tag-kepezo-galeria"],"acf":[],"yoast_head":"<!-- This site is optimized with the Yoast SEO plugin v28.3 - https:\/\/yoast.com\/product\/yoast-seo-wordpress\/ -->\n<title>It belongs in a museum -\u00a00036 Mark &#8226; Urban M\u0171v\u00e9szet<\/title>\n<meta name=\"description\" content=\"A k\u00e9pez\u0151 gal\u00e9ria leg\u00fajabb ki\u00e1ll\u00edt\u00e1sa, amelynek koncepci\u00f3ja a street art, a popkult\u00fara \u00e9s m\u0171v\u00e9szett\u00f6rt\u00e9net kapcsolat\u00e1t helyezi f\u00f3kuszba.\" \/>\n<meta name=\"robots\" content=\"index, follow, max-snippet:-1, max-image-preview:large, max-video-preview:-1\" \/>\n<link rel=\"canonical\" href=\"https:\/\/urbanmuveszet.hu\/en\/it-belongs-in-a-museum-0036-mark\/\" \/>\n<meta property=\"og:locale\" content=\"en_GB\" \/>\n<meta property=\"og:type\" content=\"article\" \/>\n<meta property=\"og:title\" content=\"It belongs in a museum -\u00a00036 Mark &#8226; Urban M\u0171v\u00e9szet\" \/>\n<meta property=\"og:description\" content=\"A k\u00e9pez\u0151 gal\u00e9ria leg\u00fajabb ki\u00e1ll\u00edt\u00e1sa, amelynek koncepci\u00f3ja a street art, a popkult\u00fara \u00e9s m\u0171v\u00e9szett\u00f6rt\u00e9net kapcsolat\u00e1t helyezi f\u00f3kuszba.\" \/>\n<meta property=\"og:url\" content=\"https:\/\/urbanmuveszet.hu\/en\/it-belongs-in-a-museum-0036-mark\/\" \/>\n<meta property=\"og:site_name\" content=\"Urban M\u0171v\u00e9szet\" \/>\n<meta property=\"article:publisher\" content=\"https:\/\/www.facebook.com\/urbanmuveszet\" \/>\n<meta property=\"article:published_time\" content=\"2024-12-23T15:21:51+00:00\" \/>\n<meta property=\"article:modified_time\" content=\"2025-11-09T17:08:37+00:00\" \/>\n<meta property=\"og:image\" content=\"https:\/\/urbanmuveszet.hu\/wp-content\/uploads\/2024\/12\/IT-BELONGS-IN-A-MUSEUM-boritokep.jpg\" \/>\n\t<meta property=\"og:image:width\" content=\"1536\" \/>\n\t<meta property=\"og:image:height\" content=\"864\" \/>\n\t<meta property=\"og:image:type\" content=\"image\/jpeg\" \/>\n<meta name=\"author\" content=\"Gyuris Csabi\" \/>\n<meta name=\"twitter:card\" content=\"summary_large_image\" \/>\n<meta name=\"twitter:image\" content=\"https:\/\/urbanmuveszet.hu\/wp-content\/uploads\/2024\/12\/IT-BELONGS-IN-A-MUSEUM-boritokep.jpg\" \/>\n<meta name=\"twitter:creator\" content=\"@urbanmuveszet\" \/>\n<meta name=\"twitter:site\" content=\"@urbanmuveszet\" \/>\n<meta name=\"twitter:label1\" content=\"Written by\" \/>\n\t<meta name=\"twitter:data1\" content=\"Gyuris Csabi\" \/>\n\t<meta name=\"twitter:label2\" content=\"Estimated reading time\" \/>\n\t<meta name=\"twitter:data2\" content=\"5 minutes\" \/>\n<script type=\"application\/ld+json\" class=\"yoast-schema-graph\">{\"@context\":\"https:\\\/\\\/schema.org\",\"@graph\":[{\"@type\":\"Article\",\"@id\":\"https:\\\/\\\/urbanmuveszet.hu\\\/it-belongs-in-a-museum-0036-mark\\\/#article\",\"isPartOf\":{\"@id\":\"https:\\\/\\\/urbanmuveszet.hu\\\/it-belongs-in-a-museum-0036-mark\\\/\"},\"author\":{\"name\":\"Gyuris Csabi\",\"@id\":\"https:\\\/\\\/urbanmuveszet.hu\\\/#\\\/schema\\\/person\\\/353833f1611c99659dfe053950e14f1a\"},\"headline\":\"It belongs in a museum &#8211;\u00a00036 Mark\",\"datePublished\":\"2024-12-23T15:21:51+00:00\",\"dateModified\":\"2025-11-09T17:08:37+00:00\",\"mainEntityOfPage\":{\"@id\":\"https:\\\/\\\/urbanmuveszet.hu\\\/it-belongs-in-a-museum-0036-mark\\\/\"},\"wordCount\":1385,\"publisher\":{\"@id\":\"https:\\\/\\\/urbanmuveszet.hu\\\/#organization\"},\"image\":{\"@id\":\"https:\\\/\\\/urbanmuveszet.hu\\\/it-belongs-in-a-museum-0036-mark\\\/#primaryimage\"},\"thumbnailUrl\":\"https:\\\/\\\/urbanmuveszet.hu\\\/wp-content\\\/uploads\\\/2024\\\/12\\\/IT-BELONGS-IN-A-MUSEUM-boritokep.jpg\",\"keywords\":[\"#0036 Mark\",\"#Budapest\",\"#K\u00e9pez\u0151 Gal\u00e9ria\"],\"articleSection\":[\"Esem\u00e9nyek\"],\"inLanguage\":\"en-GB\"},{\"@type\":\"WebPage\",\"@id\":\"https:\\\/\\\/urbanmuveszet.hu\\\/it-belongs-in-a-museum-0036-mark\\\/\",\"url\":\"https:\\\/\\\/urbanmuveszet.hu\\\/it-belongs-in-a-museum-0036-mark\\\/\",\"name\":\"It belongs in a museum -\u00a00036 Mark &#8226; Urban M\u0171v\u00e9szet\",\"isPartOf\":{\"@id\":\"https:\\\/\\\/urbanmuveszet.hu\\\/#website\"},\"primaryImageOfPage\":{\"@id\":\"https:\\\/\\\/urbanmuveszet.hu\\\/it-belongs-in-a-museum-0036-mark\\\/#primaryimage\"},\"image\":{\"@id\":\"https:\\\/\\\/urbanmuveszet.hu\\\/it-belongs-in-a-museum-0036-mark\\\/#primaryimage\"},\"thumbnailUrl\":\"https:\\\/\\\/urbanmuveszet.hu\\\/wp-content\\\/uploads\\\/2024\\\/12\\\/IT-BELONGS-IN-A-MUSEUM-boritokep.jpg\",\"datePublished\":\"2024-12-23T15:21:51+00:00\",\"dateModified\":\"2025-11-09T17:08:37+00:00\",\"description\":\"A k\u00e9pez\u0151 gal\u00e9ria leg\u00fajabb ki\u00e1ll\u00edt\u00e1sa, amelynek koncepci\u00f3ja a street art, a popkult\u00fara \u00e9s m\u0171v\u00e9szett\u00f6rt\u00e9net kapcsolat\u00e1t helyezi f\u00f3kuszba.\",\"breadcrumb\":{\"@id\":\"https:\\\/\\\/urbanmuveszet.hu\\\/it-belongs-in-a-museum-0036-mark\\\/#breadcrumb\"},\"inLanguage\":\"en-GB\",\"potentialAction\":[{\"@type\":\"ReadAction\",\"target\":[\"https:\\\/\\\/urbanmuveszet.hu\\\/it-belongs-in-a-museum-0036-mark\\\/\"]}]},{\"@type\":\"ImageObject\",\"inLanguage\":\"en-GB\",\"@id\":\"https:\\\/\\\/urbanmuveszet.hu\\\/it-belongs-in-a-museum-0036-mark\\\/#primaryimage\",\"url\":\"https:\\\/\\\/urbanmuveszet.hu\\\/wp-content\\\/uploads\\\/2024\\\/12\\\/IT-BELONGS-IN-A-MUSEUM-boritokep.jpg\",\"contentUrl\":\"https:\\\/\\\/urbanmuveszet.hu\\\/wp-content\\\/uploads\\\/2024\\\/12\\\/IT-BELONGS-IN-A-MUSEUM-boritokep.jpg\",\"width\":1536,\"height\":864},{\"@type\":\"BreadcrumbList\",\"@id\":\"https:\\\/\\\/urbanmuveszet.hu\\\/it-belongs-in-a-museum-0036-mark\\\/#breadcrumb\",\"itemListElement\":[{\"@type\":\"ListItem\",\"position\":1,\"name\":\"Home\",\"item\":\"https:\\\/\\\/urbanmuveszet.hu\\\/\"},{\"@type\":\"ListItem\",\"position\":2,\"name\":\"It belongs in a museum &#8211;\u00a00036 Mark\"}]},{\"@type\":\"WebSite\",\"@id\":\"https:\\\/\\\/urbanmuveszet.hu\\\/#website\",\"url\":\"https:\\\/\\\/urbanmuveszet.hu\\\/\",\"name\":\"Urban M\u0171v\u00e9szet\",\"description\":\"\ud83d\udca5 \u00dajgener\u00e1ci\u00f3s Szellemi Alkot\u00e1sok\",\"publisher\":{\"@id\":\"https:\\\/\\\/urbanmuveszet.hu\\\/#organization\"},\"alternateName\":\"UM\",\"potentialAction\":[{\"@type\":\"SearchAction\",\"target\":{\"@type\":\"EntryPoint\",\"urlTemplate\":\"https:\\\/\\\/urbanmuveszet.hu\\\/?s={search_term_string}\"},\"query-input\":{\"@type\":\"PropertyValueSpecification\",\"valueRequired\":true,\"valueName\":\"search_term_string\"}}],\"inLanguage\":\"en-GB\"},{\"@type\":\"Organization\",\"@id\":\"https:\\\/\\\/urbanmuveszet.hu\\\/#organization\",\"name\":\"Urban M\u0171v\u00e9szet\",\"alternateName\":\"UM\",\"url\":\"https:\\\/\\\/urbanmuveszet.hu\\\/\",\"logo\":{\"@type\":\"ImageObject\",\"inLanguage\":\"en-GB\",\"@id\":\"https:\\\/\\\/urbanmuveszet.hu\\\/#\\\/schema\\\/logo\\\/image\\\/\",\"url\":\"https:\\\/\\\/urbanmuveszet.hu\\\/wp-content\\\/uploads\\\/2022\\\/12\\\/UM-kor-logo.webp\",\"contentUrl\":\"https:\\\/\\\/urbanmuveszet.hu\\\/wp-content\\\/uploads\\\/2022\\\/12\\\/UM-kor-logo.webp\",\"width\":500,\"height\":500,\"caption\":\"Urban M\u0171v\u00e9szet\"},\"image\":{\"@id\":\"https:\\\/\\\/urbanmuveszet.hu\\\/#\\\/schema\\\/logo\\\/image\\\/\"},\"sameAs\":[\"https:\\\/\\\/www.facebook.com\\\/urbanmuveszet\",\"https:\\\/\\\/x.com\\\/urbanmuveszet\",\"https:\\\/\\\/www.instagram.com\\\/urbanmuveszet\\\/\"]},{\"@type\":\"Person\",\"@id\":\"https:\\\/\\\/urbanmuveszet.hu\\\/#\\\/schema\\\/person\\\/353833f1611c99659dfe053950e14f1a\",\"name\":\"Gyuris Csabi\",\"image\":{\"@type\":\"ImageObject\",\"inLanguage\":\"en-GB\",\"@id\":\"https:\\\/\\\/urbanmuveszet.hu\\\/wp-content\\\/uploads\\\/2022\\\/04\\\/F23DEB2B-0687-4029-8D0D-8780CD8D6B92_1_201_a-150x150.jpeg\",\"url\":\"https:\\\/\\\/urbanmuveszet.hu\\\/wp-content\\\/uploads\\\/2022\\\/04\\\/F23DEB2B-0687-4029-8D0D-8780CD8D6B92_1_201_a-150x150.jpeg\",\"contentUrl\":\"https:\\\/\\\/urbanmuveszet.hu\\\/wp-content\\\/uploads\\\/2022\\\/04\\\/F23DEB2B-0687-4029-8D0D-8780CD8D6B92_1_201_a-150x150.jpeg\",\"caption\":\"Gyuris Csabi\"},\"description\":\"\u00dagy gondolom, hogy k\u00f6z\u00f6ss\u00e9g\u00fcnk kollekt\u00edv szellemis\u00e9g\u00e9t, aminek ereje \u00e9s hangja van, m\u00e9lt\u00f3 m\u00f3don kell prezent\u00e1lni a nagyk\u00f6z\u00f6ns\u00e9g sz\u00e1m\u00e1ra.\",\"url\":\"https:\\\/\\\/urbanmuveszet.hu\\\/en\\\/szerzo\\\/csabi\\\/\"}]}<\/script>\n<!-- \/ Yoast SEO plugin. -->","yoast_head_json":{"title":"It belongs in a museum -\u00a00036 Mark &#8226; Urban M\u0171v\u00e9szet","description":"A k\u00e9pez\u0151 gal\u00e9ria leg\u00fajabb ki\u00e1ll\u00edt\u00e1sa, amelynek koncepci\u00f3ja a street art, a popkult\u00fara \u00e9s m\u0171v\u00e9szett\u00f6rt\u00e9net kapcsolat\u00e1t helyezi f\u00f3kuszba.","robots":{"index":"index","follow":"follow","max-snippet":"max-snippet:-1","max-image-preview":"max-image-preview:large","max-video-preview":"max-video-preview:-1"},"canonical":"https:\/\/urbanmuveszet.hu\/en\/it-belongs-in-a-museum-0036-mark\/","og_locale":"en_GB","og_type":"article","og_title":"It belongs in a museum -\u00a00036 Mark &#8226; Urban M\u0171v\u00e9szet","og_description":"A k\u00e9pez\u0151 gal\u00e9ria leg\u00fajabb ki\u00e1ll\u00edt\u00e1sa, amelynek koncepci\u00f3ja a street art, a popkult\u00fara \u00e9s m\u0171v\u00e9szett\u00f6rt\u00e9net kapcsolat\u00e1t helyezi f\u00f3kuszba.","og_url":"https:\/\/urbanmuveszet.hu\/en\/it-belongs-in-a-museum-0036-mark\/","og_site_name":"Urban M\u0171v\u00e9szet","article_publisher":"https:\/\/www.facebook.com\/urbanmuveszet","article_published_time":"2024-12-23T15:21:51+00:00","article_modified_time":"2025-11-09T17:08:37+00:00","og_image":[{"width":1536,"height":864,"url":"https:\/\/urbanmuveszet.hu\/wp-content\/uploads\/2024\/12\/IT-BELONGS-IN-A-MUSEUM-boritokep.jpg","type":"image\/jpeg"}],"author":"Gyuris Csabi","twitter_card":"summary_large_image","twitter_image":"https:\/\/urbanmuveszet.hu\/wp-content\/uploads\/2024\/12\/IT-BELONGS-IN-A-MUSEUM-boritokep.jpg","twitter_creator":"@urbanmuveszet","twitter_site":"@urbanmuveszet","twitter_misc":{"Written by":"Gyuris Csabi","Estimated reading time":"5 minutes"},"schema":{"@context":"https:\/\/schema.org","@graph":[{"@type":"Article","@id":"https:\/\/urbanmuveszet.hu\/it-belongs-in-a-museum-0036-mark\/#article","isPartOf":{"@id":"https:\/\/urbanmuveszet.hu\/it-belongs-in-a-museum-0036-mark\/"},"author":{"name":"Gyuris Csabi","@id":"https:\/\/urbanmuveszet.hu\/#\/schema\/person\/353833f1611c99659dfe053950e14f1a"},"headline":"It belongs in a museum &#8211;\u00a00036 Mark","datePublished":"2024-12-23T15:21:51+00:00","dateModified":"2025-11-09T17:08:37+00:00","mainEntityOfPage":{"@id":"https:\/\/urbanmuveszet.hu\/it-belongs-in-a-museum-0036-mark\/"},"wordCount":1385,"publisher":{"@id":"https:\/\/urbanmuveszet.hu\/#organization"},"image":{"@id":"https:\/\/urbanmuveszet.hu\/it-belongs-in-a-museum-0036-mark\/#primaryimage"},"thumbnailUrl":"https:\/\/urbanmuveszet.hu\/wp-content\/uploads\/2024\/12\/IT-BELONGS-IN-A-MUSEUM-boritokep.jpg","keywords":["#0036 Mark","#Budapest","#K\u00e9pez\u0151 Gal\u00e9ria"],"articleSection":["Esem\u00e9nyek"],"inLanguage":"en-GB"},{"@type":"WebPage","@id":"https:\/\/urbanmuveszet.hu\/it-belongs-in-a-museum-0036-mark\/","url":"https:\/\/urbanmuveszet.hu\/it-belongs-in-a-museum-0036-mark\/","name":"It belongs in a museum -\u00a00036 Mark &#8226; Urban M\u0171v\u00e9szet","isPartOf":{"@id":"https:\/\/urbanmuveszet.hu\/#website"},"primaryImageOfPage":{"@id":"https:\/\/urbanmuveszet.hu\/it-belongs-in-a-museum-0036-mark\/#primaryimage"},"image":{"@id":"https:\/\/urbanmuveszet.hu\/it-belongs-in-a-museum-0036-mark\/#primaryimage"},"thumbnailUrl":"https:\/\/urbanmuveszet.hu\/wp-content\/uploads\/2024\/12\/IT-BELONGS-IN-A-MUSEUM-boritokep.jpg","datePublished":"2024-12-23T15:21:51+00:00","dateModified":"2025-11-09T17:08:37+00:00","description":"A k\u00e9pez\u0151 gal\u00e9ria leg\u00fajabb ki\u00e1ll\u00edt\u00e1sa, amelynek koncepci\u00f3ja a street art, a popkult\u00fara \u00e9s m\u0171v\u00e9szett\u00f6rt\u00e9net kapcsolat\u00e1t helyezi f\u00f3kuszba.","breadcrumb":{"@id":"https:\/\/urbanmuveszet.hu\/it-belongs-in-a-museum-0036-mark\/#breadcrumb"},"inLanguage":"en-GB","potentialAction":[{"@type":"ReadAction","target":["https:\/\/urbanmuveszet.hu\/it-belongs-in-a-museum-0036-mark\/"]}]},{"@type":"ImageObject","inLanguage":"en-GB","@id":"https:\/\/urbanmuveszet.hu\/it-belongs-in-a-museum-0036-mark\/#primaryimage","url":"https:\/\/urbanmuveszet.hu\/wp-content\/uploads\/2024\/12\/IT-BELONGS-IN-A-MUSEUM-boritokep.jpg","contentUrl":"https:\/\/urbanmuveszet.hu\/wp-content\/uploads\/2024\/12\/IT-BELONGS-IN-A-MUSEUM-boritokep.jpg","width":1536,"height":864},{"@type":"BreadcrumbList","@id":"https:\/\/urbanmuveszet.hu\/it-belongs-in-a-museum-0036-mark\/#breadcrumb","itemListElement":[{"@type":"ListItem","position":1,"name":"Home","item":"https:\/\/urbanmuveszet.hu\/"},{"@type":"ListItem","position":2,"name":"It belongs in a museum &#8211;\u00a00036 Mark"}]},{"@type":"WebSite","@id":"https:\/\/urbanmuveszet.hu\/#website","url":"https:\/\/urbanmuveszet.hu\/","name":"Urban Art","description":"\ud83d\udca5 \u00dajgener\u00e1ci\u00f3s Szellemi Alkot\u00e1sok","publisher":{"@id":"https:\/\/urbanmuveszet.hu\/#organization"},"alternateName":"UM","potentialAction":[{"@type":"SearchAction","target":{"@type":"EntryPoint","urlTemplate":"https:\/\/urbanmuveszet.hu\/?s={search_term_string}"},"query-input":{"@type":"PropertyValueSpecification","valueRequired":true,"valueName":"search_term_string"}}],"inLanguage":"en-GB"},{"@type":"Organization","@id":"https:\/\/urbanmuveszet.hu\/#organization","name":"Urban Art","alternateName":"UM","url":"https:\/\/urbanmuveszet.hu\/","logo":{"@type":"ImageObject","inLanguage":"en-GB","@id":"https:\/\/urbanmuveszet.hu\/#\/schema\/logo\/image\/","url":"https:\/\/urbanmuveszet.hu\/wp-content\/uploads\/2022\/12\/UM-kor-logo.webp","contentUrl":"https:\/\/urbanmuveszet.hu\/wp-content\/uploads\/2022\/12\/UM-kor-logo.webp","width":500,"height":500,"caption":"Urban M\u0171v\u00e9szet"},"image":{"@id":"https:\/\/urbanmuveszet.hu\/#\/schema\/logo\/image\/"},"sameAs":["https:\/\/www.facebook.com\/urbanmuveszet","https:\/\/x.com\/urbanmuveszet","https:\/\/www.instagram.com\/urbanmuveszet\/"]},{"@type":"Person","@id":"https:\/\/urbanmuveszet.hu\/#\/schema\/person\/353833f1611c99659dfe053950e14f1a","name":"Csabi Gyuris","image":{"@type":"ImageObject","inLanguage":"en-GB","@id":"https:\/\/urbanmuveszet.hu\/wp-content\/uploads\/2022\/04\/F23DEB2B-0687-4029-8D0D-8780CD8D6B92_1_201_a-150x150.jpeg","url":"https:\/\/urbanmuveszet.hu\/wp-content\/uploads\/2022\/04\/F23DEB2B-0687-4029-8D0D-8780CD8D6B92_1_201_a-150x150.jpeg","contentUrl":"https:\/\/urbanmuveszet.hu\/wp-content\/uploads\/2022\/04\/F23DEB2B-0687-4029-8D0D-8780CD8D6B92_1_201_a-150x150.jpeg","caption":"Gyuris Csabi"},"description":"I believe that the collective spirit of our community, which has power and voice, should be presented to the general public in a dignified manner.","url":"https:\/\/urbanmuveszet.hu\/en\/szerzo\/csabi\/"}]}},"_links":{"self":[{"href":"https:\/\/urbanmuveszet.hu\/en\/wp-json\/wp\/v2\/posts\/4411532","targetHints":{"allow":["GET"]}}],"collection":[{"href":"https:\/\/urbanmuveszet.hu\/en\/wp-json\/wp\/v2\/posts"}],"about":[{"href":"https:\/\/urbanmuveszet.hu\/en\/wp-json\/wp\/v2\/types\/post"}],"author":[{"embeddable":true,"href":"https:\/\/urbanmuveszet.hu\/en\/wp-json\/wp\/v2\/users\/5"}],"replies":[{"embeddable":true,"href":"https:\/\/urbanmuveszet.hu\/en\/wp-json\/wp\/v2\/comments?post=4411532"}],"version-history":[{"count":1,"href":"https:\/\/urbanmuveszet.hu\/en\/wp-json\/wp\/v2\/posts\/4411532\/revisions"}],"predecessor-version":[{"id":4415627,"href":"https:\/\/urbanmuveszet.hu\/en\/wp-json\/wp\/v2\/posts\/4411532\/revisions\/4415627"}],"wp:featuredmedia":[{"embeddable":true,"href":"https:\/\/urbanmuveszet.hu\/en\/wp-json\/wp\/v2\/media\/4411510"}],"wp:attachment":[{"href":"https:\/\/urbanmuveszet.hu\/en\/wp-json\/wp\/v2\/media?parent=4411532"}],"wp:term":[{"taxonomy":"category","embeddable":true,"href":"https:\/\/urbanmuveszet.hu\/en\/wp-json\/wp\/v2\/categories?post=4411532"},{"taxonomy":"post_tag","embeddable":true,"href":"https:\/\/urbanmuveszet.hu\/en\/wp-json\/wp\/v2\/tags?post=4411532"}],"curies":[{"name":"wp","href":"https:\/\/api.w.org\/{rel}","templated":true}]}}